{"id":5107,"date":"2026-04-29T10:15:40","date_gmt":"2026-04-29T08:15:40","guid":{"rendered":"https:\/\/estv.hu\/?p=5107"},"modified":"2026-04-29T10:15:43","modified_gmt":"2026-04-29T08:15:43","slug":"a-k-16ra-forditott-kozpenz-felhasznalasaval-kapcsolatban-kert-tajekoztatast-a-polgarmester","status":"publish","type":"post","link":"http:\/\/estv.hu\/index.php\/2026\/04\/29\/a-k-16ra-forditott-kozpenz-felhasznalasaval-kapcsolatban-kert-tajekoztatast-a-polgarmester\/","title":{"rendered":"A K-16ra ford\u00edtott k\u00f6zp\u00e9nz felhaszn\u00e1l\u00e1s\u00e1val kapcsolatban k\u00e9rt t\u00e1j\u00e9koztat\u00e1st a polg\u00e1rmester"},"content":{"rendered":"\n<p>Tov\u00e1bbra is t\u00e1j\u00e9koztat\u00e1st k\u00e9r az \u00f6nkorm\u00e1nyzat nev\u00e9ben V\u00e1c polg\u00e1rmestere R\u00e9tv\u00e1ri Bence parlamenti \u00e1llamtitk\u00e1rt\u00f3l arr\u00f3l, milyen tervek vannak azzal az ingatlannal kapcsolatban, amely hossz\u00fa id\u0151n \u00e1t a v\u00e1ros kezel\u00e9s\u00e9ben volt, majd a Dunakanyar V\u00e9degylet Alap\u00edtv\u00e1ny tulajdon\u00e1ba ker\u00fclt. Mint ismert, a K-16 Gal\u00e9ria \u00e9p\u00fclete 2022 \u0151sz\u00e9n ker\u00fclt az alap\u00edtv\u00e1nyhoz, miut\u00e1n a v\u00e1rosvezet\u00e9s egy tervezett fel\u00faj\u00edt\u00e1s el\u0151k\u00e9sz\u00edt\u00e9se miatt k\u00e9rte az ott m\u0171k\u00f6d\u0151 gal\u00e9ria \u00fczemeltet\u0151j\u00e9t az ingatlan elhagy\u00e1s\u00e1ra. Az \u00e9p\u00fcletet \u00e1tvev\u0151 alap\u00edtv\u00e1ny kor\u00e1bbi v\u00e1llal\u00e1sa ellen\u00e9re eddig nem kezdte meg a m\u0171eml\u00e9ki ingatlan fel\u00faj\u00edt\u00e1s\u00e1t.<\/p>\n\n\n<div class=\"gb-container gb-container-0ef5875f\">\n\n<iframe loading=\"lazy\" title=\"A K-16ra ford\u00edtott k\u00f6zp\u00e9nz felhaszn\u00e1l\u00e1s\u00e1val kapcsolatban k\u00e9rt t\u00e1j\u00e9koztat\u00e1st a polg\u00e1rmester\" width=\"500\" height=\"281\" src=\"https:\/\/www.youtube.com\/embed\/rsu7FiY0_6A?feature=oembed\" frameborder=\"0\" allow=\"accelerometer; autoplay; clipboard-write; encrypted-media; gyroscope; picture-in-picture; web-share\" referrerpolicy=\"strict-origin-when-cross-origin\" allowfullscreen><\/iframe>\n\n<\/div>","protected":false},"excerpt":{"rendered":"<p>Tov\u00e1bbra is t\u00e1j\u00e9koztat\u00e1st k\u00e9r az \u00f6nkorm\u00e1nyzat nev\u00e9ben V\u00e1c polg\u00e1rmestere R\u00e9tv\u00e1ri Bence parlamenti \u00e1llamtitk\u00e1rt\u00f3l arr\u00f3l, milyen tervek vannak azzal az ingatlannal kapcsolatban, amely hossz\u00fa id\u0151n \u00e1t a v\u00e1ros kezel\u00e9s\u00e9ben volt, majd a Dunakanyar V\u00e9degylet Alap\u00edtv\u00e1ny tulajdon\u00e1ba ker\u00fclt. Mint ismert, a K-16 Gal\u00e9ria \u00e9p\u00fclete 2022 \u0151sz\u00e9n ker\u00fclt az alap\u00edtv\u00e1nyhoz, miut\u00e1n a v\u00e1rosvezet\u00e9s egy tervezett fel\u00faj\u00edt\u00e1s el\u0151k\u00e9sz\u00edt\u00e9se miatt [&hellip;]<\/p>\n","protected":false},"author":2,"featured_media":5108,"comment_status":"closed","ping_status":"open","sticky":false,"template":"","format":"standard","meta":{"footnotes":""},"categories":[90],"tags":[],"class_list":["post-5107","post","type-post","status-publish","format-standard","has-post-thumbnail","hentry","category-hirek"],"_links":{"self":[{"href":"http:\/\/estv.hu\/index.php\/wp-json\/wp\/v2\/posts\/5107","targetHints":{"allow":["GET"]}}],"collection":[{"href":"http:\/\/estv.hu\/index.php\/wp-json\/wp\/v2\/posts"}],"about":[{"href":"http:\/\/estv.hu\/index.php\/wp-json\/wp\/v2\/types\/post"}],"author":[{"embeddable":true,"href":"http:\/\/estv.hu\/index.php\/wp-json\/wp\/v2\/users\/2"}],"replies":[{"embeddable":true,"href":"http:\/\/estv.hu\/index.php\/wp-json\/wp\/v2\/comments?post=5107"}],"version-history":[{"count":1,"href":"http:\/\/estv.hu\/index.php\/wp-json\/wp\/v2\/posts\/5107\/revisions"}],"predecessor-version":[{"id":5109,"href":"http:\/\/estv.hu\/index.php\/wp-json\/wp\/v2\/posts\/5107\/revisions\/5109"}],"wp:featuredmedia":[{"embeddable":true,"href":"http:\/\/estv.hu\/index.php\/wp-json\/wp\/v2\/media\/5108"}],"wp:attachment":[{"href":"http:\/\/estv.hu\/index.php\/wp-json\/wp\/v2\/media?parent=5107"}],"wp:term":[{"taxonomy":"category","embeddable":true,"href":"http:\/\/estv.hu\/index.php\/wp-json\/wp\/v2\/categories?post=5107"},{"taxonomy":"post_tag","embeddable":true,"href":"http:\/\/estv.hu\/index.php\/wp-json\/wp\/v2\/tags?post=5107"}],"curies":[{"name":"wp","href":"https:\/\/api.w.org\/{rel}","templated":true}]}}