{"id":2960,"date":"2025-12-12T12:10:17","date_gmt":"2025-12-12T11:10:17","guid":{"rendered":"https:\/\/estv.hu\/?p=2960"},"modified":"2025-12-12T12:10:21","modified_gmt":"2025-12-12T11:10:21","slug":"a-mimk-ben-ad-karacsonyi-koncertet-gajer-balint","status":"publish","type":"post","link":"https:\/\/estv.hu\/index.php\/2025\/12\/12\/a-mimk-ben-ad-karacsonyi-koncertet-gajer-balint\/","title":{"rendered":"A MIMK-ben ad kar\u00e1csonyi koncertet G\u00e1jer B\u00e1lint"},"content":{"rendered":"\n<p>Szombaton este G\u00e1jer B\u00e1lint ad \u00fcnnepi koncertet a v\u00e1ci m\u0171vel\u0151d\u00e9si k\u00f6zpontban. A fell\u00e9p\u0151 a t\u0151le megszokott sz\u00ednvonalon hozza majd a legnagyobb kar\u00e1csonyi sl\u00e1gereket. A koncert 19 \u00f3rakor kezd\u0151dik, a helysz\u00edn ez\u00fattal is a sz\u00ednh\u00e1zterem lesz.<\/p>\n\n\n<div class=\"gb-container gb-container-c28da949\">\n\n<iframe loading=\"lazy\" title=\"A MIMK-ben ad kar\u00e1csonyi koncertet G\u00e1jer B\u00e1lint\" width=\"500\" height=\"281\" src=\"https:\/\/www.youtube.com\/embed\/VTULnrLRkR0?feature=oembed\" frameborder=\"0\" allow=\"accelerometer; autoplay; clipboard-write; encrypted-media; gyroscope; picture-in-picture; web-share\" referrerpolicy=\"strict-origin-when-cross-origin\" allowfullscreen><\/iframe>\n\n<\/div>","protected":false},"excerpt":{"rendered":"<p>Szombaton este G\u00e1jer B\u00e1lint ad \u00fcnnepi koncertet a v\u00e1ci m\u0171vel\u0151d\u00e9si k\u00f6zpontban. A fell\u00e9p\u0151 a t\u0151le megszokott sz\u00ednvonalon hozza majd a legnagyobb kar\u00e1csonyi sl\u00e1gereket. A koncert 19 \u00f3rakor kezd\u0151dik, a helysz\u00edn ez\u00fattal is a sz\u00ednh\u00e1zterem lesz.<\/p>\n","protected":false},"author":2,"featured_media":2961,"comment_status":"closed","ping_status":"open","sticky":false,"template":"","format":"standard","meta":{"footnotes":""},"categories":[90],"tags":[],"class_list":["post-2960","post","type-post","status-publish","format-standard","has-post-thumbnail","hentry","category-hirek"],"_links":{"self":[{"href":"https:\/\/estv.hu\/index.php\/wp-json\/wp\/v2\/posts\/2960","targetHints":{"allow":["GET"]}}],"collection":[{"href":"https:\/\/estv.hu\/index.php\/wp-json\/wp\/v2\/posts"}],"about":[{"href":"https:\/\/estv.hu\/index.php\/wp-json\/wp\/v2\/types\/post"}],"author":[{"embeddable":true,"href":"https:\/\/estv.hu\/index.php\/wp-json\/wp\/v2\/users\/2"}],"replies":[{"embeddable":true,"href":"https:\/\/estv.hu\/index.php\/wp-json\/wp\/v2\/comments?post=2960"}],"version-history":[{"count":1,"href":"https:\/\/estv.hu\/index.php\/wp-json\/wp\/v2\/posts\/2960\/revisions"}],"predecessor-version":[{"id":2962,"href":"https:\/\/estv.hu\/index.php\/wp-json\/wp\/v2\/posts\/2960\/revisions\/2962"}],"wp:featuredmedia":[{"embeddable":true,"href":"https:\/\/estv.hu\/index.php\/wp-json\/wp\/v2\/media\/2961"}],"wp:attachment":[{"href":"https:\/\/estv.hu\/index.php\/wp-json\/wp\/v2\/media?parent=2960"}],"wp:term":[{"taxonomy":"category","embeddable":true,"href":"https:\/\/estv.hu\/index.php\/wp-json\/wp\/v2\/categories?post=2960"},{"taxonomy":"post_tag","embeddable":true,"href":"https:\/\/estv.hu\/index.php\/wp-json\/wp\/v2\/tags?post=2960"}],"curies":[{"name":"wp","href":"https:\/\/api.w.org\/{rel}","templated":true}]}}