{"id":3131,"date":"2025-12-23T09:36:27","date_gmt":"2025-12-23T08:36:27","guid":{"rendered":"https:\/\/estv.hu\/?p=3131"},"modified":"2025-12-23T09:36:29","modified_gmt":"2025-12-23T08:36:29","slug":"elo-hirado-2025-12-22","status":"publish","type":"post","link":"https:\/\/estv.hu\/index.php\/2025\/12\/23\/elo-hirado-2025-12-22\/","title":{"rendered":"\u00c9l\u0151 H\u00edrad\u00f3 2025. 12. 22."},"content":{"rendered":"\n<p>Megtelt a v\u00e1ci F\u0151t\u00e9r l\u00e1togat\u00f3kkal az advent negyedik h\u00e9tv\u00e9g\u00e9j\u00e9n is. Szombaton \u00e9s vas\u00e1rnap is programokkal v\u00e1rt\u00e1k a nap folyam\u00e1n a kikapcsol\u00f3dni v\u00e1gy\u00f3kat de a Nasz\u00e1ly hegyiek is meggy\u00fajtott\u00e1k az adventi gyerty\u00e1t.<\/p>\n\n\n\n<p>El\u0151sz\u00f6r megszavazt\u00e1k, hogy vissza lehessen vonni a d\u00edszpolg\u00e1ri elismer\u00e9st, azt\u00e1n a z\u00e1rt \u00fcl\u00e9sen m\u00e9gsem kapta meg a t\u00f6bbs\u00e9get a javaslat, hogy elvegy\u00e9k a c\u00edmet Nagy Fer\u00f3t\u00f3l.<\/p>\n\n\n\n<p>A kar\u00e1csonyi \u00e9s az \u00faj\u00e9vi id\u0151szakban m\u00e9g t\u00f6bb v\u00e9rk\u00e9sz\u00edtm\u00e9nyre lenne sz\u00fcks\u00e9g. A ki\u00fcr\u00fcl\u0151 k\u00e9szletek miatt k\u00e9r seg\u00edts\u00e9get v\u00e1citer\u00fcleti v\u00e9rell\u00e1t\u00f3 szolg\u00e1lat f\u0151orvosa.<\/p>\n\n\n<div class=\"gb-container gb-container-2a01fb9a\">\n\n<iframe loading=\"lazy\" title=\"A kar\u00e1csonyi \u00e9s az \u00faj\u00e9vi id\u0151szakban m\u00e9g t\u00f6bb v\u00e9rk\u00e9sz\u00edtm\u00e9nyre lenne sz\u00fcks\u00e9g | H\u00edrad\u00f3 2025. 12. 22.\" width=\"500\" height=\"281\" src=\"https:\/\/www.youtube.com\/embed\/0nAUYTPZLwE?feature=oembed\" frameborder=\"0\" allow=\"accelerometer; autoplay; clipboard-write; encrypted-media; gyroscope; picture-in-picture; web-share\" referrerpolicy=\"strict-origin-when-cross-origin\" allowfullscreen><\/iframe>\n\n<\/div>","protected":false},"excerpt":{"rendered":"<p>Megtelt a v\u00e1ci F\u0151t\u00e9r l\u00e1togat\u00f3kkal az advent negyedik h\u00e9tv\u00e9g\u00e9j\u00e9n is. Szombaton \u00e9s vas\u00e1rnap is programokkal v\u00e1rt\u00e1k a nap folyam\u00e1n a kikapcsol\u00f3dni v\u00e1gy\u00f3kat de a Nasz\u00e1ly hegyiek is meggy\u00fajtott\u00e1k az adventi gyerty\u00e1t. El\u0151sz\u00f6r megszavazt\u00e1k, hogy vissza lehessen vonni a d\u00edszpolg\u00e1ri elismer\u00e9st, azt\u00e1n a z\u00e1rt \u00fcl\u00e9sen m\u00e9gsem kapta meg a t\u00f6bbs\u00e9get a javaslat, hogy elvegy\u00e9k a c\u00edmet [&hellip;]<\/p>\n","protected":false},"author":2,"featured_media":797,"comment_status":"closed","ping_status":"open","sticky":false,"template":"","format":"standard","meta":{"footnotes":""},"categories":[95],"tags":[],"class_list":["post-3131","post","type-post","status-publish","format-standard","has-post-thumbnail","hentry","category-hirado"],"_links":{"self":[{"href":"https:\/\/estv.hu\/index.php\/wp-json\/wp\/v2\/posts\/3131","targetHints":{"allow":["GET"]}}],"collection":[{"href":"https:\/\/estv.hu\/index.php\/wp-json\/wp\/v2\/posts"}],"about":[{"href":"https:\/\/estv.hu\/index.php\/wp-json\/wp\/v2\/types\/post"}],"author":[{"embeddable":true,"href":"https:\/\/estv.hu\/index.php\/wp-json\/wp\/v2\/users\/2"}],"replies":[{"embeddable":true,"href":"https:\/\/estv.hu\/index.php\/wp-json\/wp\/v2\/comments?post=3131"}],"version-history":[{"count":1,"href":"https:\/\/estv.hu\/index.php\/wp-json\/wp\/v2\/posts\/3131\/revisions"}],"predecessor-version":[{"id":3132,"href":"https:\/\/estv.hu\/index.php\/wp-json\/wp\/v2\/posts\/3131\/revisions\/3132"}],"wp:featuredmedia":[{"embeddable":true,"href":"https:\/\/estv.hu\/index.php\/wp-json\/wp\/v2\/media\/797"}],"wp:attachment":[{"href":"https:\/\/estv.hu\/index.php\/wp-json\/wp\/v2\/media?parent=3131"}],"wp:term":[{"taxonomy":"category","embeddable":true,"href":"https:\/\/estv.hu\/index.php\/wp-json\/wp\/v2\/categories?post=3131"},{"taxonomy":"post_tag","embeddable":true,"href":"https:\/\/estv.hu\/index.php\/wp-json\/wp\/v2\/tags?post=3131"}],"curies":[{"name":"wp","href":"https:\/\/api.w.org\/{rel}","templated":true}]}}