{"id":4530,"date":"2026-03-23T14:41:36","date_gmt":"2026-03-23T13:41:36","guid":{"rendered":"https:\/\/estv.hu\/?p=4530"},"modified":"2026-03-23T14:41:39","modified_gmt":"2026-03-23T13:41:39","slug":"gazdis-tura-a-zold-menedeknel","status":"publish","type":"post","link":"https:\/\/estv.hu\/index.php\/2026\/03\/23\/gazdis-tura-a-zold-menedeknel\/","title":{"rendered":"Gazdis t\u00fara a Z\u00f6ld Mened\u00e9kn\u00e9l"},"content":{"rendered":"\n<p>Els\u0151 gazdis t\u00far\u00e1j\u00e1t szervezi a Z\u00f6ld Mened\u00e9k \u00c1llatv\u00e9d\u0151 Alap\u00edtv\u00e1ny, amelyre ezen a szombaton ker\u00fcl sor Katalinpuszt\u00e1n. A programra azokat v\u00e1rj\u00e1k, akik kor\u00e1bban az alap\u00edtv\u00e1nyt\u00f3l fogadtak \u00f6r\u00f6kbe kuty\u00e1t. A szervez\u0151k azt k\u00f6z\u00f6lt\u00e9k: amennyiben bev\u00e1lik a kezdem\u00e9nyez\u00e9s, rendszeress\u00e9 tenn\u00e9k a hasonl\u00f3 t\u00far\u00e1kat a k\u00f6z\u00f6ss\u00e9g\u00e9p\u00edt\u00e9s er\u0151s\u00edt\u00e9se \u00e9rdek\u00e9ben. Az alap\u00edtv\u00e1ny emellett tov\u00e1bbi fejleszt\u00e9seket is tervez telephely\u00e9n, \u00e9s felh\u00edvta a figyelmet a szem\u00e9lyi j\u00f6vedelemad\u00f3 1 sz\u00e1zal\u00e9k\u00e1nak felaj\u00e1nl\u00e1s\u00e1ra is.<\/p>\n\n\n<div class=\"gb-container gb-container-2bd0416b\">\n\n<iframe loading=\"lazy\" title=\"Gazdis t\u00fara a Z\u00f6ld Mened\u00e9kn\u00e9l\" width=\"500\" height=\"281\" src=\"https:\/\/www.youtube.com\/embed\/7wXfejm-sX4?feature=oembed\" frameborder=\"0\" allow=\"accelerometer; autoplay; clipboard-write; encrypted-media; gyroscope; picture-in-picture; web-share\" referrerpolicy=\"strict-origin-when-cross-origin\" allowfullscreen><\/iframe>\n\n<\/div>","protected":false},"excerpt":{"rendered":"<p>Els\u0151 gazdis t\u00far\u00e1j\u00e1t szervezi a Z\u00f6ld Mened\u00e9k \u00c1llatv\u00e9d\u0151 Alap\u00edtv\u00e1ny, amelyre ezen a szombaton ker\u00fcl sor Katalinpuszt\u00e1n. A programra azokat v\u00e1rj\u00e1k, akik kor\u00e1bban az alap\u00edtv\u00e1nyt\u00f3l fogadtak \u00f6r\u00f6kbe kuty\u00e1t. A szervez\u0151k azt k\u00f6z\u00f6lt\u00e9k: amennyiben bev\u00e1lik a kezdem\u00e9nyez\u00e9s, rendszeress\u00e9 tenn\u00e9k a hasonl\u00f3 t\u00far\u00e1kat a k\u00f6z\u00f6ss\u00e9g\u00e9p\u00edt\u00e9s er\u0151s\u00edt\u00e9se \u00e9rdek\u00e9ben. Az alap\u00edtv\u00e1ny emellett tov\u00e1bbi fejleszt\u00e9seket is tervez telephely\u00e9n, \u00e9s felh\u00edvta a [&hellip;]<\/p>\n","protected":false},"author":2,"featured_media":4531,"comment_status":"closed","ping_status":"open","sticky":false,"template":"","format":"standard","meta":{"footnotes":""},"categories":[90],"tags":[],"class_list":["post-4530","post","type-post","status-publish","format-standard","has-post-thumbnail","hentry","category-hirek"],"_links":{"self":[{"href":"https:\/\/estv.hu\/index.php\/wp-json\/wp\/v2\/posts\/4530","targetHints":{"allow":["GET"]}}],"collection":[{"href":"https:\/\/estv.hu\/index.php\/wp-json\/wp\/v2\/posts"}],"about":[{"href":"https:\/\/estv.hu\/index.php\/wp-json\/wp\/v2\/types\/post"}],"author":[{"embeddable":true,"href":"https:\/\/estv.hu\/index.php\/wp-json\/wp\/v2\/users\/2"}],"replies":[{"embeddable":true,"href":"https:\/\/estv.hu\/index.php\/wp-json\/wp\/v2\/comments?post=4530"}],"version-history":[{"count":1,"href":"https:\/\/estv.hu\/index.php\/wp-json\/wp\/v2\/posts\/4530\/revisions"}],"predecessor-version":[{"id":4532,"href":"https:\/\/estv.hu\/index.php\/wp-json\/wp\/v2\/posts\/4530\/revisions\/4532"}],"wp:featuredmedia":[{"embeddable":true,"href":"https:\/\/estv.hu\/index.php\/wp-json\/wp\/v2\/media\/4531"}],"wp:attachment":[{"href":"https:\/\/estv.hu\/index.php\/wp-json\/wp\/v2\/media?parent=4530"}],"wp:term":[{"taxonomy":"category","embeddable":true,"href":"https:\/\/estv.hu\/index.php\/wp-json\/wp\/v2\/categories?post=4530"},{"taxonomy":"post_tag","embeddable":true,"href":"https:\/\/estv.hu\/index.php\/wp-json\/wp\/v2\/tags?post=4530"}],"curies":[{"name":"wp","href":"https:\/\/api.w.org\/{rel}","templated":true}]}}