{"id":4533,"date":"2026-03-23T14:42:50","date_gmt":"2026-03-23T13:42:50","guid":{"rendered":"https:\/\/estv.hu\/?p=4533"},"modified":"2026-03-23T14:42:53","modified_gmt":"2026-03-23T13:42:53","slug":"hat-honapos-kesessel-allitottak-helyre-az-ovoda-elotti-jardat","status":"publish","type":"post","link":"https:\/\/estv.hu\/index.php\/2026\/03\/23\/hat-honapos-kesessel-allitottak-helyre-az-ovoda-elotti-jardat\/","title":{"rendered":"Hat h\u00f3napos k\u00e9s\u00e9ssel \u00e1ll\u00edtott\u00e1k helyre az \u00f3voda el\u0151tti j\u00e1rd\u00e1t"},"content":{"rendered":"\n<p>Hat h\u00f3napos k\u00e9s\u00e9ssel jav\u00edtotta ki az elektromos szolg\u00e1ltat\u00f3 a De\u00e1kv\u00e1ri f\u0151\u00fati \u00f3voda el\u0151tt megs\u00fcllyedt j\u00e1rd\u00e1t, amelyet kor\u00e1bban munkav\u00e9gz\u00e9s miatt bontottak fel. A beszakadt burkolat miatt t\u00f6bben is jelezt\u00e9k a probl\u00e9m\u00e1t a ter\u00fclet k\u00e9pvisel\u0151j\u00e9nek, aki ut\u00e1naj\u00e1r\u00e1st k\u00f6vet\u0151en \u00e1llap\u00edtotta meg, hogy a munk\u00e1t enged\u00e9ly n\u00e9lk\u00fcl v\u00e9gezt\u00e9k el, holott az bejelent\u00e9sk\u00f6teles lett volna.<\/p>\n\n\n<div class=\"gb-container gb-container-b98880b4\">\n\n<iframe loading=\"lazy\" title=\"Hat h\u00f3napos k\u00e9s\u00e9ssel \u00e1ll\u00edtott\u00e1k helyre az \u00f3voda el\u0151tti j\u00e1rd\u00e1t\" width=\"500\" height=\"281\" src=\"https:\/\/www.youtube.com\/embed\/gTM6gpf_4G8?feature=oembed\" frameborder=\"0\" allow=\"accelerometer; autoplay; clipboard-write; encrypted-media; gyroscope; picture-in-picture; web-share\" referrerpolicy=\"strict-origin-when-cross-origin\" allowfullscreen><\/iframe>\n\n<\/div>","protected":false},"excerpt":{"rendered":"<p>Hat h\u00f3napos k\u00e9s\u00e9ssel jav\u00edtotta ki az elektromos szolg\u00e1ltat\u00f3 a De\u00e1kv\u00e1ri f\u0151\u00fati \u00f3voda el\u0151tt megs\u00fcllyedt j\u00e1rd\u00e1t, amelyet kor\u00e1bban munkav\u00e9gz\u00e9s miatt bontottak fel. A beszakadt burkolat miatt t\u00f6bben is jelezt\u00e9k a probl\u00e9m\u00e1t a ter\u00fclet k\u00e9pvisel\u0151j\u00e9nek, aki ut\u00e1naj\u00e1r\u00e1st k\u00f6vet\u0151en \u00e1llap\u00edtotta meg, hogy a munk\u00e1t enged\u00e9ly n\u00e9lk\u00fcl v\u00e9gezt\u00e9k el, holott az bejelent\u00e9sk\u00f6teles lett volna.<\/p>\n","protected":false},"author":2,"featured_media":4534,"comment_status":"closed","ping_status":"open","sticky":false,"template":"","format":"standard","meta":{"footnotes":""},"categories":[90],"tags":[],"class_list":["post-4533","post","type-post","status-publish","format-standard","has-post-thumbnail","hentry","category-hirek"],"_links":{"self":[{"href":"https:\/\/estv.hu\/index.php\/wp-json\/wp\/v2\/posts\/4533","targetHints":{"allow":["GET"]}}],"collection":[{"href":"https:\/\/estv.hu\/index.php\/wp-json\/wp\/v2\/posts"}],"about":[{"href":"https:\/\/estv.hu\/index.php\/wp-json\/wp\/v2\/types\/post"}],"author":[{"embeddable":true,"href":"https:\/\/estv.hu\/index.php\/wp-json\/wp\/v2\/users\/2"}],"replies":[{"embeddable":true,"href":"https:\/\/estv.hu\/index.php\/wp-json\/wp\/v2\/comments?post=4533"}],"version-history":[{"count":1,"href":"https:\/\/estv.hu\/index.php\/wp-json\/wp\/v2\/posts\/4533\/revisions"}],"predecessor-version":[{"id":4535,"href":"https:\/\/estv.hu\/index.php\/wp-json\/wp\/v2\/posts\/4533\/revisions\/4535"}],"wp:featuredmedia":[{"embeddable":true,"href":"https:\/\/estv.hu\/index.php\/wp-json\/wp\/v2\/media\/4534"}],"wp:attachment":[{"href":"https:\/\/estv.hu\/index.php\/wp-json\/wp\/v2\/media?parent=4533"}],"wp:term":[{"taxonomy":"category","embeddable":true,"href":"https:\/\/estv.hu\/index.php\/wp-json\/wp\/v2\/categories?post=4533"},{"taxonomy":"post_tag","embeddable":true,"href":"https:\/\/estv.hu\/index.php\/wp-json\/wp\/v2\/tags?post=4533"}],"curies":[{"name":"wp","href":"https:\/\/api.w.org\/{rel}","templated":true}]}}