{"id":4541,"date":"2026-03-23T14:47:55","date_gmt":"2026-03-23T13:47:55","guid":{"rendered":"https:\/\/estv.hu\/?p=4541"},"modified":"2026-03-23T14:47:57","modified_gmt":"2026-03-23T13:47:57","slug":"elso-alkalommal-rendezett-akvarell-unnepet-a-varos","status":"publish","type":"post","link":"https:\/\/estv.hu\/index.php\/2026\/03\/23\/elso-alkalommal-rendezett-akvarell-unnepet-a-varos\/","title":{"rendered":"Els\u0151 alkalommal rendezett Akvarell \u00fcnnepet a v\u00e1ros"},"content":{"rendered":"\n<p>Els\u0151 alkalommal, hagyom\u00e1nyteremt\u0151 c\u00e9llal rendezt\u00e9k meg a V\u00e1ci Akvarell \u00dcnnep c\u00edm\u0171 ki\u00e1ll\u00edt\u00e1st k\u00e9t helysz\u00ednen. A V\u00e1cot \u00e9s k\u00f6rny\u00e9k\u00e9t \u00e1br\u00e1zol\u00f3 alkot\u00e1sokat a \u201eTavaszi sz\u00e9l vizet \u00e1raszt\u201d t\u00e1rlattal egy id\u0151ben, m\u00e1rcius 20-\u00e1n a Mad\u00e1ch Imre M\u0171vel\u0151d\u00e9si K\u00f6zpont emeleti gal\u00e9ri\u00e1j\u00e1ban mutatt\u00e1k be, tov\u00e1bbi m\u0171veket pedig m\u00e1snap az Elef\u00e1ntos H\u00e1zban is ki\u00e1ll\u00edtottak.<\/p>\n\n\n<div class=\"gb-container gb-container-39162bd2\">\n\n<iframe loading=\"lazy\" title=\"Els\u0151 alkalommal rendezett Akvarell \u00fcnnepet a v\u00e1ros\" width=\"500\" height=\"281\" src=\"https:\/\/www.youtube.com\/embed\/MOXVB9YC5r0?feature=oembed\" frameborder=\"0\" allow=\"accelerometer; autoplay; clipboard-write; encrypted-media; gyroscope; picture-in-picture; web-share\" referrerpolicy=\"strict-origin-when-cross-origin\" allowfullscreen><\/iframe>\n\n<\/div>","protected":false},"excerpt":{"rendered":"<p>Els\u0151 alkalommal, hagyom\u00e1nyteremt\u0151 c\u00e9llal rendezt\u00e9k meg a V\u00e1ci Akvarell \u00dcnnep c\u00edm\u0171 ki\u00e1ll\u00edt\u00e1st k\u00e9t helysz\u00ednen. A V\u00e1cot \u00e9s k\u00f6rny\u00e9k\u00e9t \u00e1br\u00e1zol\u00f3 alkot\u00e1sokat a \u201eTavaszi sz\u00e9l vizet \u00e1raszt\u201d t\u00e1rlattal egy id\u0151ben, m\u00e1rcius 20-\u00e1n a Mad\u00e1ch Imre M\u0171vel\u0151d\u00e9si K\u00f6zpont emeleti gal\u00e9ri\u00e1j\u00e1ban mutatt\u00e1k be, tov\u00e1bbi m\u0171veket pedig m\u00e1snap az Elef\u00e1ntos H\u00e1zban is ki\u00e1ll\u00edtottak.<\/p>\n","protected":false},"author":2,"featured_media":4543,"comment_status":"closed","ping_status":"open","sticky":false,"template":"","format":"standard","meta":{"footnotes":""},"categories":[90],"tags":[],"class_list":["post-4541","post","type-post","status-publish","format-standard","has-post-thumbnail","hentry","category-hirek"],"_links":{"self":[{"href":"https:\/\/estv.hu\/index.php\/wp-json\/wp\/v2\/posts\/4541","targetHints":{"allow":["GET"]}}],"collection":[{"href":"https:\/\/estv.hu\/index.php\/wp-json\/wp\/v2\/posts"}],"about":[{"href":"https:\/\/estv.hu\/index.php\/wp-json\/wp\/v2\/types\/post"}],"author":[{"embeddable":true,"href":"https:\/\/estv.hu\/index.php\/wp-json\/wp\/v2\/users\/2"}],"replies":[{"embeddable":true,"href":"https:\/\/estv.hu\/index.php\/wp-json\/wp\/v2\/comments?post=4541"}],"version-history":[{"count":1,"href":"https:\/\/estv.hu\/index.php\/wp-json\/wp\/v2\/posts\/4541\/revisions"}],"predecessor-version":[{"id":4544,"href":"https:\/\/estv.hu\/index.php\/wp-json\/wp\/v2\/posts\/4541\/revisions\/4544"}],"wp:featuredmedia":[{"embeddable":true,"href":"https:\/\/estv.hu\/index.php\/wp-json\/wp\/v2\/media\/4543"}],"wp:attachment":[{"href":"https:\/\/estv.hu\/index.php\/wp-json\/wp\/v2\/media?parent=4541"}],"wp:term":[{"taxonomy":"category","embeddable":true,"href":"https:\/\/estv.hu\/index.php\/wp-json\/wp\/v2\/categories?post=4541"},{"taxonomy":"post_tag","embeddable":true,"href":"https:\/\/estv.hu\/index.php\/wp-json\/wp\/v2\/tags?post=4541"}],"curies":[{"name":"wp","href":"https:\/\/api.w.org\/{rel}","templated":true}]}}