{"id":4548,"date":"2026-03-23T14:50:38","date_gmt":"2026-03-23T13:50:38","guid":{"rendered":"https:\/\/estv.hu\/?p=4548"},"modified":"2026-03-23T14:50:41","modified_gmt":"2026-03-23T13:50:41","slug":"a-dualis-kepzest-segito-palyazaton-nyertek-tamogatast-a-bernathosok","status":"publish","type":"post","link":"https:\/\/estv.hu\/index.php\/2026\/03\/23\/a-dualis-kepzest-segito-palyazaton-nyertek-tamogatast-a-bernathosok\/","title":{"rendered":"A du\u00e1lis k\u00e9pz\u00e9st seg\u00edt\u0151 p\u00e1ly\u00e1zaton nyertek t\u00e1mogat\u00e1st a bern\u00e1thosok"},"content":{"rendered":"\n<p>A Nemzeti Kultur\u00e1lis T\u00e1mogat\u00e1skezel\u0151 programj\u00e1n elnyert p\u00e1ly\u00e1zat z\u00e1r\u00e1sak\u00e9nt a Bern\u00e1th K\u00e1lm\u00e1n Reform\u00e1tus Szakk\u00e9pz\u0151 tanul\u00f3i j\u00e1t\u00e9kos feladatok keret\u00e9ben m\u00e9rt\u00e9k \u00f6ssze tud\u00e1sukat p\u00e9nteken a v\u00e1ci sportcsarnokban. A rendezv\u00e9nysorozat c\u00e9lja az volt, hogy \u00e9lm\u00e9nyszer\u0171 programokon kereszt\u00fcl hozza k\u00f6zelebb az int\u00e9zm\u00e9nyben oktatott n\u00e9gy szakm\u00e1t a di\u00e1kokhoz, akik az elm\u00falt hetekben a c\u00e9gek k\u00e9pvisel\u0151ivel is tal\u00e1lkozhattak.<\/p>\n\n\n<div class=\"gb-container gb-container-f7ea2688\">\n\n<iframe loading=\"lazy\" title=\"A du\u00e1lis k\u00e9pz\u00e9st seg\u00edt\u0151 p\u00e1ly\u00e1zaton nyertek t\u00e1mogat\u00e1st a bern\u00e1thosok\" width=\"500\" height=\"281\" src=\"https:\/\/www.youtube.com\/embed\/qVPKYsd2Xn0?feature=oembed\" frameborder=\"0\" allow=\"accelerometer; autoplay; clipboard-write; encrypted-media; gyroscope; picture-in-picture; web-share\" referrerpolicy=\"strict-origin-when-cross-origin\" allowfullscreen><\/iframe>\n\n<\/div>","protected":false},"excerpt":{"rendered":"<p>A Nemzeti Kultur\u00e1lis T\u00e1mogat\u00e1skezel\u0151 programj\u00e1n elnyert p\u00e1ly\u00e1zat z\u00e1r\u00e1sak\u00e9nt a Bern\u00e1th K\u00e1lm\u00e1n Reform\u00e1tus Szakk\u00e9pz\u0151 tanul\u00f3i j\u00e1t\u00e9kos feladatok keret\u00e9ben m\u00e9rt\u00e9k \u00f6ssze tud\u00e1sukat p\u00e9nteken a v\u00e1ci sportcsarnokban. A rendezv\u00e9nysorozat c\u00e9lja az volt, hogy \u00e9lm\u00e9nyszer\u0171 programokon kereszt\u00fcl hozza k\u00f6zelebb az int\u00e9zm\u00e9nyben oktatott n\u00e9gy szakm\u00e1t a di\u00e1kokhoz, akik az elm\u00falt hetekben a c\u00e9gek k\u00e9pvisel\u0151ivel is tal\u00e1lkozhattak.<\/p>\n","protected":false},"author":2,"featured_media":4549,"comment_status":"closed","ping_status":"open","sticky":false,"template":"","format":"standard","meta":{"footnotes":""},"categories":[90],"tags":[],"class_list":["post-4548","post","type-post","status-publish","format-standard","has-post-thumbnail","hentry","category-hirek"],"_links":{"self":[{"href":"https:\/\/estv.hu\/index.php\/wp-json\/wp\/v2\/posts\/4548","targetHints":{"allow":["GET"]}}],"collection":[{"href":"https:\/\/estv.hu\/index.php\/wp-json\/wp\/v2\/posts"}],"about":[{"href":"https:\/\/estv.hu\/index.php\/wp-json\/wp\/v2\/types\/post"}],"author":[{"embeddable":true,"href":"https:\/\/estv.hu\/index.php\/wp-json\/wp\/v2\/users\/2"}],"replies":[{"embeddable":true,"href":"https:\/\/estv.hu\/index.php\/wp-json\/wp\/v2\/comments?post=4548"}],"version-history":[{"count":1,"href":"https:\/\/estv.hu\/index.php\/wp-json\/wp\/v2\/posts\/4548\/revisions"}],"predecessor-version":[{"id":4550,"href":"https:\/\/estv.hu\/index.php\/wp-json\/wp\/v2\/posts\/4548\/revisions\/4550"}],"wp:featuredmedia":[{"embeddable":true,"href":"https:\/\/estv.hu\/index.php\/wp-json\/wp\/v2\/media\/4549"}],"wp:attachment":[{"href":"https:\/\/estv.hu\/index.php\/wp-json\/wp\/v2\/media?parent=4548"}],"wp:term":[{"taxonomy":"category","embeddable":true,"href":"https:\/\/estv.hu\/index.php\/wp-json\/wp\/v2\/categories?post=4548"},{"taxonomy":"post_tag","embeddable":true,"href":"https:\/\/estv.hu\/index.php\/wp-json\/wp\/v2\/tags?post=4548"}],"curies":[{"name":"wp","href":"https:\/\/api.w.org\/{rel}","templated":true}]}}