{"id":4551,"date":"2026-03-23T14:52:15","date_gmt":"2026-03-23T13:52:15","guid":{"rendered":"https:\/\/estv.hu\/?p=4551"},"modified":"2026-03-23T14:52:18","modified_gmt":"2026-03-23T13:52:18","slug":"a-nagycsaladosok-orszagos-egyesulete-gyujtott-a-tizesben","status":"publish","type":"post","link":"https:\/\/estv.hu\/index.php\/2026\/03\/23\/a-nagycsaladosok-orszagos-egyesulete-gyujtott-a-tizesben\/","title":{"rendered":"A Nagycsal\u00e1dosok Orsz\u00e1gos Egyes\u00fclete gy\u0171jt\u00f6tt a T\u00edzesben"},"content":{"rendered":"\n<p>A Nagycsal\u00e1dosok Orsz\u00e1gos Egyes\u00fclet\u00e9nek aktivist\u00e1i tart\u00f3s \u00e9lelmiszeradom\u00e1nyokat gy\u0171jt\u00f6ttek r\u00e1szorul\u00f3 csal\u00e1dok sz\u00e1m\u00e1ra a T\u00edzes ABC-ben. H\u00fasv\u00e9t el\u0151tt a helysz\u00ednen t\u00f6bbsz\u00f6r is tal\u00e1lkozhatnak vel\u00fck azok, akik felaj\u00e1nl\u00e1saikkal szeretn\u00e9nek seg\u00edteni \u2013 mondta el a H\u00edrad\u00f3nak az egyik aktivista.<\/p>\n\n\n<div class=\"gb-container gb-container-c4e5812d\">\n\n<iframe loading=\"lazy\" title=\"A Nagycsal\u00e1dosok Orsz\u00e1gos Egyes\u00fclete gy\u0171jt\u00f6tt a T\u00edzesben\" width=\"500\" height=\"281\" src=\"https:\/\/www.youtube.com\/embed\/HUzyKWG4IvY?feature=oembed\" frameborder=\"0\" allow=\"accelerometer; autoplay; clipboard-write; encrypted-media; gyroscope; picture-in-picture; web-share\" referrerpolicy=\"strict-origin-when-cross-origin\" allowfullscreen><\/iframe>\n\n<\/div>","protected":false},"excerpt":{"rendered":"<p>A Nagycsal\u00e1dosok Orsz\u00e1gos Egyes\u00fclet\u00e9nek aktivist\u00e1i tart\u00f3s \u00e9lelmiszeradom\u00e1nyokat gy\u0171jt\u00f6ttek r\u00e1szorul\u00f3 csal\u00e1dok sz\u00e1m\u00e1ra a T\u00edzes ABC-ben. H\u00fasv\u00e9t el\u0151tt a helysz\u00ednen t\u00f6bbsz\u00f6r is tal\u00e1lkozhatnak vel\u00fck azok, akik felaj\u00e1nl\u00e1saikkal szeretn\u00e9nek seg\u00edteni \u2013 mondta el a H\u00edrad\u00f3nak az egyik aktivista.<\/p>\n","protected":false},"author":2,"featured_media":4552,"comment_status":"closed","ping_status":"open","sticky":false,"template":"","format":"standard","meta":{"footnotes":""},"categories":[90],"tags":[],"class_list":["post-4551","post","type-post","status-publish","format-standard","has-post-thumbnail","hentry","category-hirek"],"_links":{"self":[{"href":"https:\/\/estv.hu\/index.php\/wp-json\/wp\/v2\/posts\/4551","targetHints":{"allow":["GET"]}}],"collection":[{"href":"https:\/\/estv.hu\/index.php\/wp-json\/wp\/v2\/posts"}],"about":[{"href":"https:\/\/estv.hu\/index.php\/wp-json\/wp\/v2\/types\/post"}],"author":[{"embeddable":true,"href":"https:\/\/estv.hu\/index.php\/wp-json\/wp\/v2\/users\/2"}],"replies":[{"embeddable":true,"href":"https:\/\/estv.hu\/index.php\/wp-json\/wp\/v2\/comments?post=4551"}],"version-history":[{"count":1,"href":"https:\/\/estv.hu\/index.php\/wp-json\/wp\/v2\/posts\/4551\/revisions"}],"predecessor-version":[{"id":4553,"href":"https:\/\/estv.hu\/index.php\/wp-json\/wp\/v2\/posts\/4551\/revisions\/4553"}],"wp:featuredmedia":[{"embeddable":true,"href":"https:\/\/estv.hu\/index.php\/wp-json\/wp\/v2\/media\/4552"}],"wp:attachment":[{"href":"https:\/\/estv.hu\/index.php\/wp-json\/wp\/v2\/media?parent=4551"}],"wp:term":[{"taxonomy":"category","embeddable":true,"href":"https:\/\/estv.hu\/index.php\/wp-json\/wp\/v2\/categories?post=4551"},{"taxonomy":"post_tag","embeddable":true,"href":"https:\/\/estv.hu\/index.php\/wp-json\/wp\/v2\/tags?post=4551"}],"curies":[{"name":"wp","href":"https:\/\/api.w.org\/{rel}","templated":true}]}}