{"id":4560,"date":"2026-03-24T09:24:09","date_gmt":"2026-03-24T08:24:09","guid":{"rendered":"https:\/\/estv.hu\/?p=4560"},"modified":"2026-03-24T09:24:12","modified_gmt":"2026-03-24T08:24:12","slug":"haboru-brusszel-olajvalsag-tisza-lezajlott-a-kormanypartiak-vaci-nagygyulese","status":"publish","type":"post","link":"https:\/\/estv.hu\/index.php\/2026\/03\/24\/haboru-brusszel-olajvalsag-tisza-lezajlott-a-kormanypartiak-vaci-nagygyulese\/","title":{"rendered":"H\u00e1bor\u00fa, Br\u00fcsszel, olajv\u00e1ls\u00e1g, TISZA \u2013lezajlott a korm\u00e1nyp\u00e1rtiak v\u00e1ci nagygy\u0171l\u00e9se"},"content":{"rendered":"\n<p>A v\u00e1ci v\u00e1laszt\u00f3ker\u00fclet korm\u00e1nyp\u00e1rti jel\u00f6ltje kamp\u00e1nyrendezv\u00e9ny\u00e9n arr\u00f3l besz\u00e9lt, hogy szerinte a TISZA P\u00e1rt szavaz\u00f3i csal\u00f3dni fognak a v\u00e1laszt\u00e1st k\u00f6vet\u0151en. A rendezv\u00e9nyen Szijj\u00e1rt\u00f3 P\u00e9ter \u00e9s R\u00e9tv\u00e1ri Bence is felsz\u00f3lalt; besz\u00e9deik k\u00f6z\u00e9ppontj\u00e1ban a h\u00e1bor\u00fa k\u00e9rd\u00e9se \u00e1llt. Hangs\u00falyozt\u00e1k, hogy nem t\u00e1mogatj\u00e1k Ukrajna uni\u00f3s finansz\u00edroz\u00e1s\u00e1t, illetve EU-csatlakoz\u00e1s\u00e1t. Az esem\u00e9nyt kultur\u00e1lis programok is k\u00eds\u00e9rt\u00e9k: fell\u00e9pett t\u00f6bbek k\u00f6z\u00f6tt Bog\u00e1nyi Gergely zongoram\u0171v\u00e9sz, Varga Mikl\u00f3s \u00e9nekes, Nemcs\u00e1k K\u00e1roly sz\u00ednm\u0171v\u00e9sz, valamint a Rippel fiv\u00e9rek.<\/p>\n\n\n<div class=\"gb-container gb-container-531697be\">\n\n<iframe loading=\"lazy\" title=\"H\u00e1bor\u00fa, Br\u00fcsszel, olajv\u00e1ls\u00e1g, TISZA \u2013lezajlott a korm\u00e1nyp\u00e1rtiak v\u00e1ci nagygy\u0171l\u00e9se\" width=\"500\" height=\"281\" src=\"https:\/\/www.youtube.com\/embed\/5CQJlXIpmmE?feature=oembed\" frameborder=\"0\" allow=\"accelerometer; autoplay; clipboard-write; encrypted-media; gyroscope; picture-in-picture; web-share\" referrerpolicy=\"strict-origin-when-cross-origin\" allowfullscreen><\/iframe>\n\n<\/div>","protected":false},"excerpt":{"rendered":"<p>A v\u00e1ci v\u00e1laszt\u00f3ker\u00fclet korm\u00e1nyp\u00e1rti jel\u00f6ltje kamp\u00e1nyrendezv\u00e9ny\u00e9n arr\u00f3l besz\u00e9lt, hogy szerinte a TISZA P\u00e1rt szavaz\u00f3i csal\u00f3dni fognak a v\u00e1laszt\u00e1st k\u00f6vet\u0151en. A rendezv\u00e9nyen Szijj\u00e1rt\u00f3 P\u00e9ter \u00e9s R\u00e9tv\u00e1ri Bence is felsz\u00f3lalt; besz\u00e9deik k\u00f6z\u00e9ppontj\u00e1ban a h\u00e1bor\u00fa k\u00e9rd\u00e9se \u00e1llt. Hangs\u00falyozt\u00e1k, hogy nem t\u00e1mogatj\u00e1k Ukrajna uni\u00f3s finansz\u00edroz\u00e1s\u00e1t, illetve EU-csatlakoz\u00e1s\u00e1t. Az esem\u00e9nyt kultur\u00e1lis programok is k\u00eds\u00e9rt\u00e9k: fell\u00e9pett t\u00f6bbek k\u00f6z\u00f6tt Bog\u00e1nyi Gergely zongoram\u0171v\u00e9sz, [&hellip;]<\/p>\n","protected":false},"author":2,"featured_media":4561,"comment_status":"closed","ping_status":"open","sticky":false,"template":"","format":"standard","meta":{"footnotes":""},"categories":[90],"tags":[],"class_list":["post-4560","post","type-post","status-publish","format-standard","has-post-thumbnail","hentry","category-hirek"],"_links":{"self":[{"href":"https:\/\/estv.hu\/index.php\/wp-json\/wp\/v2\/posts\/4560","targetHints":{"allow":["GET"]}}],"collection":[{"href":"https:\/\/estv.hu\/index.php\/wp-json\/wp\/v2\/posts"}],"about":[{"href":"https:\/\/estv.hu\/index.php\/wp-json\/wp\/v2\/types\/post"}],"author":[{"embeddable":true,"href":"https:\/\/estv.hu\/index.php\/wp-json\/wp\/v2\/users\/2"}],"replies":[{"embeddable":true,"href":"https:\/\/estv.hu\/index.php\/wp-json\/wp\/v2\/comments?post=4560"}],"version-history":[{"count":1,"href":"https:\/\/estv.hu\/index.php\/wp-json\/wp\/v2\/posts\/4560\/revisions"}],"predecessor-version":[{"id":4562,"href":"https:\/\/estv.hu\/index.php\/wp-json\/wp\/v2\/posts\/4560\/revisions\/4562"}],"wp:featuredmedia":[{"embeddable":true,"href":"https:\/\/estv.hu\/index.php\/wp-json\/wp\/v2\/media\/4561"}],"wp:attachment":[{"href":"https:\/\/estv.hu\/index.php\/wp-json\/wp\/v2\/media?parent=4560"}],"wp:term":[{"taxonomy":"category","embeddable":true,"href":"https:\/\/estv.hu\/index.php\/wp-json\/wp\/v2\/categories?post=4560"},{"taxonomy":"post_tag","embeddable":true,"href":"https:\/\/estv.hu\/index.php\/wp-json\/wp\/v2\/tags?post=4560"}],"curies":[{"name":"wp","href":"https:\/\/api.w.org\/{rel}","templated":true}]}}