{"id":4563,"date":"2026-03-24T12:55:47","date_gmt":"2026-03-24T11:55:47","guid":{"rendered":"https:\/\/estv.hu\/?p=4563"},"modified":"2026-03-24T12:55:51","modified_gmt":"2026-03-24T11:55:51","slug":"hirado-2026-03-23","status":"publish","type":"post","link":"https:\/\/estv.hu\/index.php\/2026\/03\/24\/hirado-2026-03-23\/","title":{"rendered":"H\u00edrad\u00f3 2026. 03. 23."},"content":{"rendered":"\n<p>H\u00e1bor\u00fa, Br\u00fcsszel , olajv\u00e1ls\u00e1g, Tisza \u2013ezek voltak a leggyakrabban ism\u00e9telt szavak a korm\u00e1nyp\u00e1rtiak v\u00e1ci v\u00e1laszt\u00e1si estj\u00e9n. A showelemeket felsorokoztat\u00f3 esem\u00e9nyen Szijj\u00e1rt\u00f3 P\u00e9ter is felsz\u00f3lalt \u00e9s r\u00e9tv\u00e1ri r\u00e9test is ehettek az \u00e9rdekl\u0151d\u0151k.<\/p>\n\n\n\n<p>Lezajlott a \u201eTavaszi sz\u00e9l vizet \u00e1raszt\u201d t\u00e1rlat. Id\u00e9n is sokan \u00e9ltek a bemutatkoz\u00e1s lehet\u0151s\u00e9g\u00e9vel. Egy\u00fattal hagyom\u00e1nyteremt\u0151 c\u00e9llal rendezt\u00e9k meg a V\u00e1ci Akvarell \u00dcnnep c\u00edm\u0171 ki\u00e1ll\u00edt\u00e1sokat, amin az amat\u0151r\u00f6l \u00e9s a profik is bemutatkoztak V\u00e1con.<\/p>\n\n\n\n<p>P\u00e1ly\u00e1zati programj\u00e1t z\u00e1rta a Bern\u00e1th K\u00e1lm\u00e1n szakk\u00e9pz\u0151 p\u00e9nteken. A rendezv\u00e9nysorozat c\u00e9lja az volt, hogy \u00e9lm\u00e9nyszer\u0171 programokon kereszt\u00fcl hozza k\u00f6zelebb az int\u00e9zm\u00e9nyben oktatott n\u00e9gy szakm\u00e1t a di\u00e1kokhoz, akik az elm\u00falt hetekben a c\u00e9gek k\u00e9pvisel\u0151ivel is tal\u00e1lkozhattak<\/p>\n\n\n<div class=\"gb-container gb-container-6f6b834a\">\n\n<iframe loading=\"lazy\" title=\"H\u00e1bor\u00fa, Br\u00fcsszel, olajv\u00e1ls\u00e1g, Tisza | H\u00edrad\u00f3 2026.03.23.\" width=\"500\" height=\"281\" src=\"https:\/\/www.youtube.com\/embed\/rB5r1e3sM80?feature=oembed\" frameborder=\"0\" allow=\"accelerometer; autoplay; clipboard-write; encrypted-media; gyroscope; picture-in-picture; web-share\" referrerpolicy=\"strict-origin-when-cross-origin\" allowfullscreen><\/iframe>\n\n<\/div>","protected":false},"excerpt":{"rendered":"<p>H\u00e1bor\u00fa, Br\u00fcsszel , olajv\u00e1ls\u00e1g, Tisza \u2013ezek voltak a leggyakrabban ism\u00e9telt szavak a korm\u00e1nyp\u00e1rtiak v\u00e1ci v\u00e1laszt\u00e1si estj\u00e9n. A showelemeket felsorokoztat\u00f3 esem\u00e9nyen Szijj\u00e1rt\u00f3 P\u00e9ter is felsz\u00f3lalt \u00e9s r\u00e9tv\u00e1ri r\u00e9test is ehettek az \u00e9rdekl\u0151d\u0151k. Lezajlott a \u201eTavaszi sz\u00e9l vizet \u00e1raszt\u201d t\u00e1rlat. Id\u00e9n is sokan \u00e9ltek a bemutatkoz\u00e1s lehet\u0151s\u00e9g\u00e9vel. Egy\u00fattal hagyom\u00e1nyteremt\u0151 c\u00e9llal rendezt\u00e9k meg a V\u00e1ci Akvarell \u00dcnnep c\u00edm\u0171 [&hellip;]<\/p>\n","protected":false},"author":2,"featured_media":797,"comment_status":"closed","ping_status":"open","sticky":false,"template":"","format":"standard","meta":{"footnotes":""},"categories":[95],"tags":[],"class_list":["post-4563","post","type-post","status-publish","format-standard","has-post-thumbnail","hentry","category-hirado"],"_links":{"self":[{"href":"https:\/\/estv.hu\/index.php\/wp-json\/wp\/v2\/posts\/4563","targetHints":{"allow":["GET"]}}],"collection":[{"href":"https:\/\/estv.hu\/index.php\/wp-json\/wp\/v2\/posts"}],"about":[{"href":"https:\/\/estv.hu\/index.php\/wp-json\/wp\/v2\/types\/post"}],"author":[{"embeddable":true,"href":"https:\/\/estv.hu\/index.php\/wp-json\/wp\/v2\/users\/2"}],"replies":[{"embeddable":true,"href":"https:\/\/estv.hu\/index.php\/wp-json\/wp\/v2\/comments?post=4563"}],"version-history":[{"count":1,"href":"https:\/\/estv.hu\/index.php\/wp-json\/wp\/v2\/posts\/4563\/revisions"}],"predecessor-version":[{"id":4564,"href":"https:\/\/estv.hu\/index.php\/wp-json\/wp\/v2\/posts\/4563\/revisions\/4564"}],"wp:featuredmedia":[{"embeddable":true,"href":"https:\/\/estv.hu\/index.php\/wp-json\/wp\/v2\/media\/797"}],"wp:attachment":[{"href":"https:\/\/estv.hu\/index.php\/wp-json\/wp\/v2\/media?parent=4563"}],"wp:term":[{"taxonomy":"category","embeddable":true,"href":"https:\/\/estv.hu\/index.php\/wp-json\/wp\/v2\/categories?post=4563"},{"taxonomy":"post_tag","embeddable":true,"href":"https:\/\/estv.hu\/index.php\/wp-json\/wp\/v2\/tags?post=4563"}],"curies":[{"name":"wp","href":"https:\/\/api.w.org\/{rel}","templated":true}]}}