{"id":4565,"date":"2026-03-24T13:18:26","date_gmt":"2026-03-24T12:18:26","guid":{"rendered":"https:\/\/estv.hu\/?p=4565"},"modified":"2026-03-24T13:18:28","modified_gmt":"2026-03-24T12:18:28","slug":"atadtak-a-kreta-idegennyelvi-felkeszito-modul-dijait-vacon","status":"publish","type":"post","link":"https:\/\/estv.hu\/index.php\/2026\/03\/24\/atadtak-a-kreta-idegennyelvi-felkeszito-modul-dijait-vacon\/","title":{"rendered":"\u00c1tadt\u00e1k a KR\u00c9TA Idegennyelvi Felk\u00e9sz\u00edt\u0151 Modul d\u00edjait V\u00e1con"},"content":{"rendered":"\n<p>Lez\u00e1rult a V\u00e1ci Tanker\u00fcleti K\u00f6zpont \u00e1ltal szervezett KR\u00c9TA Idegennyelvi Felk\u00e9sz\u00edt\u0151 Modul Suliverseny. A t\u00f6bb h\u00f3napos megm\u00e9rettet\u00e9sen a di\u00e1kok \u00e9s a pedag\u00f3gusok teljes\u00edtm\u00e9ny\u00e9t egyar\u00e1nt \u00e9rt\u00e9kelt\u00e9k: a nyelvtanul\u00e1s eredm\u00e9nyess\u00e9ge mellett az aktivit\u00e1st is figyelembe vett\u00e9k. A legjobbak jutalomban r\u00e9szes\u00fcltek, a versenyen k\u00e9t v\u00e1ci \u00e1ltal\u00e1nos iskola is dobog\u00f3s helyez\u00e9st \u00e9rt el.<\/p>\n\n\n<div class=\"gb-container gb-container-cb5f6448\">\n\n<iframe loading=\"lazy\" title=\"\u00c1tadt\u00e1k a KR\u00c9TA Idegennyelvi Felk\u00e9sz\u00edt\u0151 Modul d\u00edjait V\u00e1con\" width=\"500\" height=\"281\" src=\"https:\/\/www.youtube.com\/embed\/AAEcnPRUKNY?feature=oembed\" frameborder=\"0\" allow=\"accelerometer; autoplay; clipboard-write; encrypted-media; gyroscope; picture-in-picture; web-share\" referrerpolicy=\"strict-origin-when-cross-origin\" allowfullscreen><\/iframe>\n\n<\/div>","protected":false},"excerpt":{"rendered":"<p>Lez\u00e1rult a V\u00e1ci Tanker\u00fcleti K\u00f6zpont \u00e1ltal szervezett KR\u00c9TA Idegennyelvi Felk\u00e9sz\u00edt\u0151 Modul Suliverseny. A t\u00f6bb h\u00f3napos megm\u00e9rettet\u00e9sen a di\u00e1kok \u00e9s a pedag\u00f3gusok teljes\u00edtm\u00e9ny\u00e9t egyar\u00e1nt \u00e9rt\u00e9kelt\u00e9k: a nyelvtanul\u00e1s eredm\u00e9nyess\u00e9ge mellett az aktivit\u00e1st is figyelembe vett\u00e9k. A legjobbak jutalomban r\u00e9szes\u00fcltek, a versenyen k\u00e9t v\u00e1ci \u00e1ltal\u00e1nos iskola is dobog\u00f3s helyez\u00e9st \u00e9rt el.<\/p>\n","protected":false},"author":2,"featured_media":4566,"comment_status":"closed","ping_status":"open","sticky":false,"template":"","format":"standard","meta":{"footnotes":""},"categories":[90],"tags":[],"class_list":["post-4565","post","type-post","status-publish","format-standard","has-post-thumbnail","hentry","category-hirek"],"_links":{"self":[{"href":"https:\/\/estv.hu\/index.php\/wp-json\/wp\/v2\/posts\/4565","targetHints":{"allow":["GET"]}}],"collection":[{"href":"https:\/\/estv.hu\/index.php\/wp-json\/wp\/v2\/posts"}],"about":[{"href":"https:\/\/estv.hu\/index.php\/wp-json\/wp\/v2\/types\/post"}],"author":[{"embeddable":true,"href":"https:\/\/estv.hu\/index.php\/wp-json\/wp\/v2\/users\/2"}],"replies":[{"embeddable":true,"href":"https:\/\/estv.hu\/index.php\/wp-json\/wp\/v2\/comments?post=4565"}],"version-history":[{"count":1,"href":"https:\/\/estv.hu\/index.php\/wp-json\/wp\/v2\/posts\/4565\/revisions"}],"predecessor-version":[{"id":4567,"href":"https:\/\/estv.hu\/index.php\/wp-json\/wp\/v2\/posts\/4565\/revisions\/4567"}],"wp:featuredmedia":[{"embeddable":true,"href":"https:\/\/estv.hu\/index.php\/wp-json\/wp\/v2\/media\/4566"}],"wp:attachment":[{"href":"https:\/\/estv.hu\/index.php\/wp-json\/wp\/v2\/media?parent=4565"}],"wp:term":[{"taxonomy":"category","embeddable":true,"href":"https:\/\/estv.hu\/index.php\/wp-json\/wp\/v2\/categories?post=4565"},{"taxonomy":"post_tag","embeddable":true,"href":"https:\/\/estv.hu\/index.php\/wp-json\/wp\/v2\/tags?post=4565"}],"curies":[{"name":"wp","href":"https:\/\/api.w.org\/{rel}","templated":true}]}}