{"id":4568,"date":"2026-03-24T13:43:19","date_gmt":"2026-03-24T12:43:19","guid":{"rendered":"https:\/\/estv.hu\/?p=4568"},"modified":"2026-03-24T13:43:21","modified_gmt":"2026-03-24T12:43:21","slug":"helyi-nepszavazast-szeretnenek-a-forumon-megjelentek-a-szallodahajo-kikotorol","status":"publish","type":"post","link":"https:\/\/estv.hu\/index.php\/2026\/03\/24\/helyi-nepszavazast-szeretnenek-a-forumon-megjelentek-a-szallodahajo-kikotorol\/","title":{"rendered":"Helyi n\u00e9pszavaz\u00e1st szeretn\u00e9nek a f\u00f3rumon megjelentek a sz\u00e1llodahaj\u00f3-kik\u00f6t\u0151r\u0151l"},"content":{"rendered":"\n<p>Helyi n\u00e9pszavaz\u00e1st kezdem\u00e9nyezne a v\u00e1ci sz\u00e1llodahaj\u00f3-kik\u00f6t\u0151 l\u00e9tes\u00edt\u00e9s\u00e9nek \u00fcgy\u00e9ben H\u00e1jas Attila kisv\u00e1ci aktivista. A t\u00e9m\u00e1ban nemr\u00e9g lakoss\u00e1gi f\u00f3rumot is tartottak, amelyen mintegy \u00f6tvenen vettek r\u00e9szt. A jelenl\u00e9v\u0151k egy r\u00e9sze nem t\u00e1mogatja, hogy a DDC jelenlegi s\u00f3derkirakod\u00f3j\u00e1nak hely\u00e9n turisztikai v\u00edzib\u00e1zis l\u00e9tes\u00fclj\u00f6n, mert \u00e1ll\u00e1spontjuk szerint az megzavarn\u00e1 az ott \u00e9l\u0151k nyugalm\u00e1t.<\/p>\n\n\n<div class=\"gb-container gb-container-2727399f\">\n\n<iframe loading=\"lazy\" title=\"Helyi n\u00e9pszavaz\u00e1st szeretn\u00e9nek a f\u00f3rumon megjelentek a sz\u00e1llodahaj\u00f3-kik\u00f6t\u0151r\u0151l\" width=\"500\" height=\"281\" src=\"https:\/\/www.youtube.com\/embed\/BUAi0y_2zKQ?feature=oembed\" frameborder=\"0\" allow=\"accelerometer; autoplay; clipboard-write; encrypted-media; gyroscope; picture-in-picture; web-share\" referrerpolicy=\"strict-origin-when-cross-origin\" allowfullscreen><\/iframe>\n\n<\/div>","protected":false},"excerpt":{"rendered":"<p>Helyi n\u00e9pszavaz\u00e1st kezdem\u00e9nyezne a v\u00e1ci sz\u00e1llodahaj\u00f3-kik\u00f6t\u0151 l\u00e9tes\u00edt\u00e9s\u00e9nek \u00fcgy\u00e9ben H\u00e1jas Attila kisv\u00e1ci aktivista. A t\u00e9m\u00e1ban nemr\u00e9g lakoss\u00e1gi f\u00f3rumot is tartottak, amelyen mintegy \u00f6tvenen vettek r\u00e9szt. A jelenl\u00e9v\u0151k egy r\u00e9sze nem t\u00e1mogatja, hogy a DDC jelenlegi s\u00f3derkirakod\u00f3j\u00e1nak hely\u00e9n turisztikai v\u00edzib\u00e1zis l\u00e9tes\u00fclj\u00f6n, mert \u00e1ll\u00e1spontjuk szerint az megzavarn\u00e1 az ott \u00e9l\u0151k nyugalm\u00e1t.<\/p>\n","protected":false},"author":2,"featured_media":4569,"comment_status":"closed","ping_status":"open","sticky":false,"template":"","format":"standard","meta":{"footnotes":""},"categories":[90],"tags":[],"class_list":["post-4568","post","type-post","status-publish","format-standard","has-post-thumbnail","hentry","category-hirek"],"_links":{"self":[{"href":"https:\/\/estv.hu\/index.php\/wp-json\/wp\/v2\/posts\/4568","targetHints":{"allow":["GET"]}}],"collection":[{"href":"https:\/\/estv.hu\/index.php\/wp-json\/wp\/v2\/posts"}],"about":[{"href":"https:\/\/estv.hu\/index.php\/wp-json\/wp\/v2\/types\/post"}],"author":[{"embeddable":true,"href":"https:\/\/estv.hu\/index.php\/wp-json\/wp\/v2\/users\/2"}],"replies":[{"embeddable":true,"href":"https:\/\/estv.hu\/index.php\/wp-json\/wp\/v2\/comments?post=4568"}],"version-history":[{"count":1,"href":"https:\/\/estv.hu\/index.php\/wp-json\/wp\/v2\/posts\/4568\/revisions"}],"predecessor-version":[{"id":4570,"href":"https:\/\/estv.hu\/index.php\/wp-json\/wp\/v2\/posts\/4568\/revisions\/4570"}],"wp:featuredmedia":[{"embeddable":true,"href":"https:\/\/estv.hu\/index.php\/wp-json\/wp\/v2\/media\/4569"}],"wp:attachment":[{"href":"https:\/\/estv.hu\/index.php\/wp-json\/wp\/v2\/media?parent=4568"}],"wp:term":[{"taxonomy":"category","embeddable":true,"href":"https:\/\/estv.hu\/index.php\/wp-json\/wp\/v2\/categories?post=4568"},{"taxonomy":"post_tag","embeddable":true,"href":"https:\/\/estv.hu\/index.php\/wp-json\/wp\/v2\/tags?post=4568"}],"curies":[{"name":"wp","href":"https:\/\/api.w.org\/{rel}","templated":true}]}}