{"id":4574,"date":"2026-03-25T13:05:27","date_gmt":"2026-03-25T12:05:27","guid":{"rendered":"https:\/\/estv.hu\/?p=4574"},"modified":"2026-03-25T13:05:30","modified_gmt":"2026-03-25T12:05:30","slug":"egyetemet-alapittatna-es-gyogyfurdot-epittetne-vacon-a-mi-hazank-jeloltje","status":"publish","type":"post","link":"https:\/\/estv.hu\/index.php\/2026\/03\/25\/egyetemet-alapittatna-es-gyogyfurdot-epittetne-vacon-a-mi-hazank-jeloltje\/","title":{"rendered":"Egyetemet alap\u00edttatna \u00e9s gy\u00f3gyf\u00fcrd\u0151t \u00e9p\u00edttetne V\u00e1con a Mi Haz\u00e1nk jel\u00f6ltje"},"content":{"rendered":"\n<p>Az \u00e1llami innov\u00e1ci\u00f3s beruh\u00e1z\u00e1sok er\u0151s\u00edthetik a fiatalok hazai munkav\u00e1llal\u00e1si hajland\u00f3s\u00e1g\u00e1t, \u00e9s gazdas\u00e1gi \u00e9l\u00e9nk\u00fcl\u00e9st hozhatnak a v\u00e1ci t\u00e9rs\u00e9gben \u2013 err\u0151l besz\u00e9lt a Nagy\u00edt\u00f3 c\u00edm\u0171 m\u0171sorban a Mi Haz\u00e1nk v\u00e1ci v\u00e1laszt\u00f3ker\u00fcleti orsz\u00e1ggy\u0171l\u00e9si k\u00e9pvisel\u0151jel\u00f6ltje. A politikus ismertette: tervei k\u00f6z\u00f6tt szerepel egy term\u00e1l gy\u00f3gyf\u00fcrd\u0151-komplexum megval\u00f3s\u00edt\u00e1sa M\u00e1riaudvaron, valamint egy innov\u00e1ci\u00f3s startup k\u00f6zpont l\u00e9trehoz\u00e1sa a volt Esze Tam\u00e1s Llaktanya ter\u00fclet\u00e9n.<\/p>\n\n\n<div class=\"gb-container gb-container-7076af84\">\n\n<iframe loading=\"lazy\" title=\"Egyetemet alap\u00edttatna \u00e9s gy\u00f3gyf\u00fcrd\u0151t \u00e9p\u00edttetne V\u00e1con a Mi Haz\u00e1nk jel\u00f6ltje\" width=\"500\" height=\"281\" src=\"https:\/\/www.youtube.com\/embed\/IXeI_kPw3u8?feature=oembed\" frameborder=\"0\" allow=\"accelerometer; autoplay; clipboard-write; encrypted-media; gyroscope; picture-in-picture; web-share\" referrerpolicy=\"strict-origin-when-cross-origin\" allowfullscreen><\/iframe>\n\n<\/div>","protected":false},"excerpt":{"rendered":"<p>Az \u00e1llami innov\u00e1ci\u00f3s beruh\u00e1z\u00e1sok er\u0151s\u00edthetik a fiatalok hazai munkav\u00e1llal\u00e1si hajland\u00f3s\u00e1g\u00e1t, \u00e9s gazdas\u00e1gi \u00e9l\u00e9nk\u00fcl\u00e9st hozhatnak a v\u00e1ci t\u00e9rs\u00e9gben \u2013 err\u0151l besz\u00e9lt a Nagy\u00edt\u00f3 c\u00edm\u0171 m\u0171sorban a Mi Haz\u00e1nk v\u00e1ci v\u00e1laszt\u00f3ker\u00fcleti orsz\u00e1ggy\u0171l\u00e9si k\u00e9pvisel\u0151jel\u00f6ltje. A politikus ismertette: tervei k\u00f6z\u00f6tt szerepel egy term\u00e1l gy\u00f3gyf\u00fcrd\u0151-komplexum megval\u00f3s\u00edt\u00e1sa M\u00e1riaudvaron, valamint egy innov\u00e1ci\u00f3s startup k\u00f6zpont l\u00e9trehoz\u00e1sa a volt Esze Tam\u00e1s Llaktanya ter\u00fclet\u00e9n.<\/p>\n","protected":false},"author":2,"featured_media":4575,"comment_status":"closed","ping_status":"open","sticky":false,"template":"","format":"standard","meta":{"footnotes":""},"categories":[90],"tags":[],"class_list":["post-4574","post","type-post","status-publish","format-standard","has-post-thumbnail","hentry","category-hirek"],"_links":{"self":[{"href":"https:\/\/estv.hu\/index.php\/wp-json\/wp\/v2\/posts\/4574","targetHints":{"allow":["GET"]}}],"collection":[{"href":"https:\/\/estv.hu\/index.php\/wp-json\/wp\/v2\/posts"}],"about":[{"href":"https:\/\/estv.hu\/index.php\/wp-json\/wp\/v2\/types\/post"}],"author":[{"embeddable":true,"href":"https:\/\/estv.hu\/index.php\/wp-json\/wp\/v2\/users\/2"}],"replies":[{"embeddable":true,"href":"https:\/\/estv.hu\/index.php\/wp-json\/wp\/v2\/comments?post=4574"}],"version-history":[{"count":1,"href":"https:\/\/estv.hu\/index.php\/wp-json\/wp\/v2\/posts\/4574\/revisions"}],"predecessor-version":[{"id":4576,"href":"https:\/\/estv.hu\/index.php\/wp-json\/wp\/v2\/posts\/4574\/revisions\/4576"}],"wp:featuredmedia":[{"embeddable":true,"href":"https:\/\/estv.hu\/index.php\/wp-json\/wp\/v2\/media\/4575"}],"wp:attachment":[{"href":"https:\/\/estv.hu\/index.php\/wp-json\/wp\/v2\/media?parent=4574"}],"wp:term":[{"taxonomy":"category","embeddable":true,"href":"https:\/\/estv.hu\/index.php\/wp-json\/wp\/v2\/categories?post=4574"},{"taxonomy":"post_tag","embeddable":true,"href":"https:\/\/estv.hu\/index.php\/wp-json\/wp\/v2\/tags?post=4574"}],"curies":[{"name":"wp","href":"https:\/\/api.w.org\/{rel}","templated":true}]}}