{"id":4580,"date":"2026-03-25T13:08:26","date_gmt":"2026-03-25T12:08:26","guid":{"rendered":"https:\/\/estv.hu\/?p=4580"},"modified":"2026-03-25T13:08:29","modified_gmt":"2026-03-25T12:08:29","slug":"a-kis-es-kozepvallalkozasok-tamogatasat-igeri-a-tisza","status":"publish","type":"post","link":"https:\/\/estv.hu\/index.php\/2026\/03\/25\/a-kis-es-kozepvallalkozasok-tamogatasat-igeri-a-tisza\/","title":{"rendered":"A kis-\u00e9s k\u00f6z\u00e9pv\u00e1llalkoz\u00e1sok t\u00e1mogat\u00e1s\u00e1t \u00edg\u00e9ri a TISZA"},"content":{"rendered":"\n<p>Az uni\u00f3s forr\u00e1sok leh\u00edv\u00e1s\u00e1val, valamint a v\u00e1llalkoz\u00e1sokat terhel\u0151 energia\u00e1rak \u00e9s adminisztr\u00e1ci\u00f3s k\u00f6lts\u00e9gek cs\u00f6kkent\u00e9s\u00e9vel t\u00e1mogatn\u00e1 a kis- \u00e9s k\u00f6z\u00e9pv\u00e1llalkoz\u00e1sok m\u0171k\u00f6d\u00e9s\u00e9t a Tisztelet \u00e9s Szabads\u00e1g P\u00e1rt. Szimon Ren\u00e1ta k\u00f6z\u00f6ss\u00e9gi oldal\u00e1n azt hangs\u00falyozza: a p\u00e1rt programj\u00e1ban kiemelt szerepet kap a KKV-szektor er\u0151s\u00edt\u00e9se, amelyt\u0151l a hazai gazdas\u00e1g \u00e9l\u00e9nk\u00fcl\u00e9s\u00e9t v\u00e1rj\u00e1k.<\/p>\n\n\n<div class=\"gb-container gb-container-a521a0e8\">\n\n<iframe loading=\"lazy\" title=\"A kis-\u00e9s k\u00f6z\u00e9pv\u00e1llalkoz\u00e1sok t\u00e1mogat\u00e1s\u00e1t \u00edg\u00e9ri a TISZA\" width=\"500\" height=\"281\" src=\"https:\/\/www.youtube.com\/embed\/p10Z5wNnIxY?feature=oembed\" frameborder=\"0\" allow=\"accelerometer; autoplay; clipboard-write; encrypted-media; gyroscope; picture-in-picture; web-share\" referrerpolicy=\"strict-origin-when-cross-origin\" allowfullscreen><\/iframe>\n\n<\/div>","protected":false},"excerpt":{"rendered":"<p>Az uni\u00f3s forr\u00e1sok leh\u00edv\u00e1s\u00e1val, valamint a v\u00e1llalkoz\u00e1sokat terhel\u0151 energia\u00e1rak \u00e9s adminisztr\u00e1ci\u00f3s k\u00f6lts\u00e9gek cs\u00f6kkent\u00e9s\u00e9vel t\u00e1mogatn\u00e1 a kis- \u00e9s k\u00f6z\u00e9pv\u00e1llalkoz\u00e1sok m\u0171k\u00f6d\u00e9s\u00e9t a Tisztelet \u00e9s Szabads\u00e1g P\u00e1rt. Szimon Ren\u00e1ta k\u00f6z\u00f6ss\u00e9gi oldal\u00e1n azt hangs\u00falyozza: a p\u00e1rt programj\u00e1ban kiemelt szerepet kap a KKV-szektor er\u0151s\u00edt\u00e9se, amelyt\u0151l a hazai gazdas\u00e1g \u00e9l\u00e9nk\u00fcl\u00e9s\u00e9t v\u00e1rj\u00e1k.<\/p>\n","protected":false},"author":2,"featured_media":4581,"comment_status":"closed","ping_status":"open","sticky":false,"template":"","format":"standard","meta":{"footnotes":""},"categories":[90],"tags":[],"class_list":["post-4580","post","type-post","status-publish","format-standard","has-post-thumbnail","hentry","category-hirek"],"_links":{"self":[{"href":"https:\/\/estv.hu\/index.php\/wp-json\/wp\/v2\/posts\/4580","targetHints":{"allow":["GET"]}}],"collection":[{"href":"https:\/\/estv.hu\/index.php\/wp-json\/wp\/v2\/posts"}],"about":[{"href":"https:\/\/estv.hu\/index.php\/wp-json\/wp\/v2\/types\/post"}],"author":[{"embeddable":true,"href":"https:\/\/estv.hu\/index.php\/wp-json\/wp\/v2\/users\/2"}],"replies":[{"embeddable":true,"href":"https:\/\/estv.hu\/index.php\/wp-json\/wp\/v2\/comments?post=4580"}],"version-history":[{"count":1,"href":"https:\/\/estv.hu\/index.php\/wp-json\/wp\/v2\/posts\/4580\/revisions"}],"predecessor-version":[{"id":4582,"href":"https:\/\/estv.hu\/index.php\/wp-json\/wp\/v2\/posts\/4580\/revisions\/4582"}],"wp:featuredmedia":[{"embeddable":true,"href":"https:\/\/estv.hu\/index.php\/wp-json\/wp\/v2\/media\/4581"}],"wp:attachment":[{"href":"https:\/\/estv.hu\/index.php\/wp-json\/wp\/v2\/media?parent=4580"}],"wp:term":[{"taxonomy":"category","embeddable":true,"href":"https:\/\/estv.hu\/index.php\/wp-json\/wp\/v2\/categories?post=4580"},{"taxonomy":"post_tag","embeddable":true,"href":"https:\/\/estv.hu\/index.php\/wp-json\/wp\/v2\/tags?post=4580"}],"curies":[{"name":"wp","href":"https:\/\/api.w.org\/{rel}","templated":true}]}}