{"id":4583,"date":"2026-03-25T13:54:40","date_gmt":"2026-03-25T12:54:40","guid":{"rendered":"https:\/\/estv.hu\/?p=4583"},"modified":"2026-03-25T13:54:44","modified_gmt":"2026-03-25T12:54:44","slug":"elmarasztalta-retvari-bencet-a-helyi-valasztasi-bizottsag","status":"publish","type":"post","link":"https:\/\/estv.hu\/index.php\/2026\/03\/25\/elmarasztalta-retvari-bencet-a-helyi-valasztasi-bizottsag\/","title":{"rendered":"Elmarasztalta R\u00e9tv\u00e1ri Benc\u00e9t a helyi v\u00e1laszt\u00e1si bizotts\u00e1g"},"content":{"rendered":"\n<p>A helyi v\u00e1laszt\u00e1si bizotts\u00e1g d\u00f6nt\u00e9se szerint jogs\u00e9rt\u0151nek min\u0151s\u00fclt R\u00e9tv\u00e1ri Bence, a Fidesz\u2013KDNP k\u00f6z\u00f6s orsz\u00e1ggy\u0171l\u00e9si k\u00e9pvisel\u0151jel\u00f6ltj\u00e9nek egyik v\u00e1ci kamp\u00e1nyanyaga. A test\u00fclet meg\u00e1llap\u00edtotta, hogy a sz\u00f3r\u00f3lapokr\u00f3l hi\u00e1nyoztak a jogszab\u00e1lyban el\u0151\u00edrt kiad\u00f3i adatok, ez\u00e9rt a jel\u00f6ltet eltiltotta a tov\u00e1bbi hasonl\u00f3 jogs\u00e9rt\u00e9sekt\u0151l.<\/p>\n\n\n<div class=\"gb-container gb-container-aa266dd7\">\n\n<iframe loading=\"lazy\" title=\"Elmarasztalta R\u00e9tv\u00e1ri Benc\u00e9t a helyi v\u00e1laszt\u00e1si bizotts\u00e1g\" width=\"500\" height=\"281\" src=\"https:\/\/www.youtube.com\/embed\/fHprtp0qats?feature=oembed\" frameborder=\"0\" allow=\"accelerometer; autoplay; clipboard-write; encrypted-media; gyroscope; picture-in-picture; web-share\" referrerpolicy=\"strict-origin-when-cross-origin\" allowfullscreen><\/iframe>\n\n<\/div>","protected":false},"excerpt":{"rendered":"<p>A helyi v\u00e1laszt\u00e1si bizotts\u00e1g d\u00f6nt\u00e9se szerint jogs\u00e9rt\u0151nek min\u0151s\u00fclt R\u00e9tv\u00e1ri Bence, a Fidesz\u2013KDNP k\u00f6z\u00f6s orsz\u00e1ggy\u0171l\u00e9si k\u00e9pvisel\u0151jel\u00f6ltj\u00e9nek egyik v\u00e1ci kamp\u00e1nyanyaga. A test\u00fclet meg\u00e1llap\u00edtotta, hogy a sz\u00f3r\u00f3lapokr\u00f3l hi\u00e1nyoztak a jogszab\u00e1lyban el\u0151\u00edrt kiad\u00f3i adatok, ez\u00e9rt a jel\u00f6ltet eltiltotta a tov\u00e1bbi hasonl\u00f3 jogs\u00e9rt\u00e9sekt\u0151l.<\/p>\n","protected":false},"author":2,"featured_media":4584,"comment_status":"closed","ping_status":"open","sticky":false,"template":"","format":"standard","meta":{"footnotes":""},"categories":[90],"tags":[],"class_list":["post-4583","post","type-post","status-publish","format-standard","has-post-thumbnail","hentry","category-hirek"],"_links":{"self":[{"href":"https:\/\/estv.hu\/index.php\/wp-json\/wp\/v2\/posts\/4583","targetHints":{"allow":["GET"]}}],"collection":[{"href":"https:\/\/estv.hu\/index.php\/wp-json\/wp\/v2\/posts"}],"about":[{"href":"https:\/\/estv.hu\/index.php\/wp-json\/wp\/v2\/types\/post"}],"author":[{"embeddable":true,"href":"https:\/\/estv.hu\/index.php\/wp-json\/wp\/v2\/users\/2"}],"replies":[{"embeddable":true,"href":"https:\/\/estv.hu\/index.php\/wp-json\/wp\/v2\/comments?post=4583"}],"version-history":[{"count":1,"href":"https:\/\/estv.hu\/index.php\/wp-json\/wp\/v2\/posts\/4583\/revisions"}],"predecessor-version":[{"id":4585,"href":"https:\/\/estv.hu\/index.php\/wp-json\/wp\/v2\/posts\/4583\/revisions\/4585"}],"wp:featuredmedia":[{"embeddable":true,"href":"https:\/\/estv.hu\/index.php\/wp-json\/wp\/v2\/media\/4584"}],"wp:attachment":[{"href":"https:\/\/estv.hu\/index.php\/wp-json\/wp\/v2\/media?parent=4583"}],"wp:term":[{"taxonomy":"category","embeddable":true,"href":"https:\/\/estv.hu\/index.php\/wp-json\/wp\/v2\/categories?post=4583"},{"taxonomy":"post_tag","embeddable":true,"href":"https:\/\/estv.hu\/index.php\/wp-json\/wp\/v2\/tags?post=4583"}],"curies":[{"name":"wp","href":"https:\/\/api.w.org\/{rel}","templated":true}]}}