{"id":4586,"date":"2026-03-26T10:08:11","date_gmt":"2026-03-26T09:08:11","guid":{"rendered":"https:\/\/estv.hu\/?p=4586"},"modified":"2026-03-26T10:08:15","modified_gmt":"2026-03-26T09:08:15","slug":"a-dk-s-jelolt-szerint-le-kell-valtani-a-fidesz-kdnp-megfelemlito-politikajat-es-meg-kell-allapodni-egy-nemzeti-minimumban","status":"publish","type":"post","link":"https:\/\/estv.hu\/index.php\/2026\/03\/26\/a-dk-s-jelolt-szerint-le-kell-valtani-a-fidesz-kdnp-megfelemlito-politikajat-es-meg-kell-allapodni-egy-nemzeti-minimumban\/","title":{"rendered":"A DK-s jel\u00f6lt szerint le kell v\u00e1ltani a Fidesz-KDNP megf\u00e9leml\u00edt\u0151 politik\u00e1j\u00e1t \u00e9s meg kell \u00e1llapodni egy nemzeti minimumban"},"content":{"rendered":"\n<p>A Demokratikus Koal\u00edci\u00f3 orsz\u00e1ggy\u0171l\u00e9si k\u00e9pvisel\u0151je szerint a korm\u00e1ny kommunik\u00e1ci\u00f3ja a lakoss\u00e1g f\u00e9lelmeinek er\u0151s\u00edt\u00e9s\u00e9re ir\u00e1nyul, mik\u00f6zben elvonja a figyelmet a probl\u00e9m\u00e1kr\u00f3l. Juh\u00e1sz B\u00e9la k\u00f6z\u00f6lte: jav\u00edtana az utak \u00e1llapot\u00e1n, az eg\u00e9szs\u00e9g\u00fcgyi ell\u00e1t\u00e1s fejleszt\u00e9s\u00e9vel \u00e9s hat\u00e9konyabb szolg\u00e1ltat\u00e1sokkal m\u00e9rs\u00e9keln\u00e9 a t\u00e9rs\u00e9gben is jelen l\u00e9v\u0151 k\u00e1b\u00edt\u00f3szerfogyaszt\u00e1st. Hozz\u00e1tette: a v\u00e1ci t\u00e9rs\u00e9gben csak abban az esetben t\u00e1mogatn\u00e1 az egyre gyakoribb t\u00e1rsash\u00e1zi beruh\u00e1z\u00e1sokat, ha azokhoz a sz\u00fcks\u00e9ges infrastrukt\u00fara is ki\u00e9p\u00fcl.<\/p>\n\n\n<div class=\"gb-container gb-container-d8b054e7\">\n\n<iframe loading=\"lazy\" title=\"A DK-s jel\u00f6lt szerint le kell v\u00e1ltani a Fidesz-KDNP megf\u00e9leml\u00edt\u0151 politik\u00e1j\u00e1t\" width=\"500\" height=\"281\" src=\"https:\/\/www.youtube.com\/embed\/QseL0G2HTwA?feature=oembed\" frameborder=\"0\" allow=\"accelerometer; autoplay; clipboard-write; encrypted-media; gyroscope; picture-in-picture; web-share\" referrerpolicy=\"strict-origin-when-cross-origin\" allowfullscreen><\/iframe>\n\n<\/div>","protected":false},"excerpt":{"rendered":"<p>A Demokratikus Koal\u00edci\u00f3 orsz\u00e1ggy\u0171l\u00e9si k\u00e9pvisel\u0151je szerint a korm\u00e1ny kommunik\u00e1ci\u00f3ja a lakoss\u00e1g f\u00e9lelmeinek er\u0151s\u00edt\u00e9s\u00e9re ir\u00e1nyul, mik\u00f6zben elvonja a figyelmet a probl\u00e9m\u00e1kr\u00f3l. Juh\u00e1sz B\u00e9la k\u00f6z\u00f6lte: jav\u00edtana az utak \u00e1llapot\u00e1n, az eg\u00e9szs\u00e9g\u00fcgyi ell\u00e1t\u00e1s fejleszt\u00e9s\u00e9vel \u00e9s hat\u00e9konyabb szolg\u00e1ltat\u00e1sokkal m\u00e9rs\u00e9keln\u00e9 a t\u00e9rs\u00e9gben is jelen l\u00e9v\u0151 k\u00e1b\u00edt\u00f3szerfogyaszt\u00e1st. Hozz\u00e1tette: a v\u00e1ci t\u00e9rs\u00e9gben csak abban az esetben t\u00e1mogatn\u00e1 az egyre gyakoribb t\u00e1rsash\u00e1zi beruh\u00e1z\u00e1sokat, [&hellip;]<\/p>\n","protected":false},"author":2,"featured_media":4587,"comment_status":"closed","ping_status":"open","sticky":false,"template":"","format":"standard","meta":{"footnotes":""},"categories":[90],"tags":[],"class_list":["post-4586","post","type-post","status-publish","format-standard","has-post-thumbnail","hentry","category-hirek"],"_links":{"self":[{"href":"https:\/\/estv.hu\/index.php\/wp-json\/wp\/v2\/posts\/4586","targetHints":{"allow":["GET"]}}],"collection":[{"href":"https:\/\/estv.hu\/index.php\/wp-json\/wp\/v2\/posts"}],"about":[{"href":"https:\/\/estv.hu\/index.php\/wp-json\/wp\/v2\/types\/post"}],"author":[{"embeddable":true,"href":"https:\/\/estv.hu\/index.php\/wp-json\/wp\/v2\/users\/2"}],"replies":[{"embeddable":true,"href":"https:\/\/estv.hu\/index.php\/wp-json\/wp\/v2\/comments?post=4586"}],"version-history":[{"count":1,"href":"https:\/\/estv.hu\/index.php\/wp-json\/wp\/v2\/posts\/4586\/revisions"}],"predecessor-version":[{"id":4588,"href":"https:\/\/estv.hu\/index.php\/wp-json\/wp\/v2\/posts\/4586\/revisions\/4588"}],"wp:featuredmedia":[{"embeddable":true,"href":"https:\/\/estv.hu\/index.php\/wp-json\/wp\/v2\/media\/4587"}],"wp:attachment":[{"href":"https:\/\/estv.hu\/index.php\/wp-json\/wp\/v2\/media?parent=4586"}],"wp:term":[{"taxonomy":"category","embeddable":true,"href":"https:\/\/estv.hu\/index.php\/wp-json\/wp\/v2\/categories?post=4586"},{"taxonomy":"post_tag","embeddable":true,"href":"https:\/\/estv.hu\/index.php\/wp-json\/wp\/v2\/tags?post=4586"}],"curies":[{"name":"wp","href":"https:\/\/api.w.org\/{rel}","templated":true}]}}