{"id":4589,"date":"2026-03-26T10:09:12","date_gmt":"2026-03-26T09:09:12","guid":{"rendered":"https:\/\/estv.hu\/?p=4589"},"modified":"2026-03-26T10:09:15","modified_gmt":"2026-03-26T09:09:15","slug":"hirado-2026-03-25","status":"publish","type":"post","link":"https:\/\/estv.hu\/index.php\/2026\/03\/26\/hirado-2026-03-25\/","title":{"rendered":"H\u00edrad\u00f3 2026. 03. 25."},"content":{"rendered":"\n<p>A KKV-terhein cs\u00f6kkentene a Tisza amennyiben megnyeri v\u00e1laszt\u00e1st-\u00edg\u00e9ri Szimonren\u00e1ta. A Mi Haz\u00e1nk jel\u00f6lteje viszont innov\u00e1ci\u00f3s egyetemet \u00e9s term\u00e1lvizes gy\u00f3gycentrumot\u00e9p\u00edttetne V\u00e1con.<\/p>\n\n\n\n<p>Helyi n\u00e9pszavaz\u00e1st szeretn\u00e9nek a f\u00f3rumon megjelentek kisv\u00e1ciak az oda tervezett sz\u00e1llodahaj\u00f3-kik\u00f6t\u0151 megval\u00f3s\u00edt\u00e1s\u00e1r\u00f3l. Az egyik aktivista ind\u00edtv\u00e1nyozta \u00e9s karolta fel a projektellenz\u0151k \u00fcgy\u00e9t.<\/p>\n\n\n\n<p>\u00c1tadt\u00e1k a KR\u00c9TA Idegennyelvi Felk\u00e9sz\u00edt\u0151 Modul d\u00edjait. A v\u00e1ci tanker\u00fclet 63 iskol\u00e1ib\u00f3l k\u00e9t v\u00e1ci int\u00e9zm\u00e9ny is az els\u0151 h\u00e1rom k\u00f6z\u00e9 ker\u00fclt.<\/p>\n\n\n<div class=\"gb-container gb-container-e659b02b\">\n\n<iframe loading=\"lazy\" title=\"\u00c1tadt\u00e1k a KR\u00c9TA Idegennyelvi Felk\u00e9sz\u00edt\u0151 Modul d\u00edjait | H\u00edrad\u00f3 2026. 03. 25.\" width=\"500\" height=\"281\" src=\"https:\/\/www.youtube.com\/embed\/4PCCZkqw5wE?feature=oembed\" frameborder=\"0\" allow=\"accelerometer; autoplay; clipboard-write; encrypted-media; gyroscope; picture-in-picture; web-share\" referrerpolicy=\"strict-origin-when-cross-origin\" allowfullscreen><\/iframe>\n\n<\/div>","protected":false},"excerpt":{"rendered":"<p>A KKV-terhein cs\u00f6kkentene a Tisza amennyiben megnyeri v\u00e1laszt\u00e1st-\u00edg\u00e9ri Szimonren\u00e1ta. A Mi Haz\u00e1nk jel\u00f6lteje viszont innov\u00e1ci\u00f3s egyetemet \u00e9s term\u00e1lvizes gy\u00f3gycentrumot\u00e9p\u00edttetne V\u00e1con. Helyi n\u00e9pszavaz\u00e1st szeretn\u00e9nek a f\u00f3rumon megjelentek kisv\u00e1ciak az oda tervezett sz\u00e1llodahaj\u00f3-kik\u00f6t\u0151 megval\u00f3s\u00edt\u00e1s\u00e1r\u00f3l. Az egyik aktivista ind\u00edtv\u00e1nyozta \u00e9s karolta fel a projektellenz\u0151k \u00fcgy\u00e9t. \u00c1tadt\u00e1k a KR\u00c9TA Idegennyelvi Felk\u00e9sz\u00edt\u0151 Modul d\u00edjait. A v\u00e1ci tanker\u00fclet 63 iskol\u00e1ib\u00f3l k\u00e9t [&hellip;]<\/p>\n","protected":false},"author":2,"featured_media":797,"comment_status":"closed","ping_status":"open","sticky":false,"template":"","format":"standard","meta":{"footnotes":""},"categories":[95],"tags":[],"class_list":["post-4589","post","type-post","status-publish","format-standard","has-post-thumbnail","hentry","category-hirado"],"_links":{"self":[{"href":"https:\/\/estv.hu\/index.php\/wp-json\/wp\/v2\/posts\/4589","targetHints":{"allow":["GET"]}}],"collection":[{"href":"https:\/\/estv.hu\/index.php\/wp-json\/wp\/v2\/posts"}],"about":[{"href":"https:\/\/estv.hu\/index.php\/wp-json\/wp\/v2\/types\/post"}],"author":[{"embeddable":true,"href":"https:\/\/estv.hu\/index.php\/wp-json\/wp\/v2\/users\/2"}],"replies":[{"embeddable":true,"href":"https:\/\/estv.hu\/index.php\/wp-json\/wp\/v2\/comments?post=4589"}],"version-history":[{"count":1,"href":"https:\/\/estv.hu\/index.php\/wp-json\/wp\/v2\/posts\/4589\/revisions"}],"predecessor-version":[{"id":4590,"href":"https:\/\/estv.hu\/index.php\/wp-json\/wp\/v2\/posts\/4589\/revisions\/4590"}],"wp:featuredmedia":[{"embeddable":true,"href":"https:\/\/estv.hu\/index.php\/wp-json\/wp\/v2\/media\/797"}],"wp:attachment":[{"href":"https:\/\/estv.hu\/index.php\/wp-json\/wp\/v2\/media?parent=4589"}],"wp:term":[{"taxonomy":"category","embeddable":true,"href":"https:\/\/estv.hu\/index.php\/wp-json\/wp\/v2\/categories?post=4589"},{"taxonomy":"post_tag","embeddable":true,"href":"https:\/\/estv.hu\/index.php\/wp-json\/wp\/v2\/tags?post=4589"}],"curies":[{"name":"wp","href":"https:\/\/api.w.org\/{rel}","templated":true}]}}