{"id":4597,"date":"2026-03-26T12:31:36","date_gmt":"2026-03-26T11:31:36","guid":{"rendered":"https:\/\/estv.hu\/?p=4597"},"modified":"2026-03-26T13:34:25","modified_gmt":"2026-03-26T12:34:25","slug":"vasarnap-eltunik-egy-ora-az-eletunkbol-csak-oktoberben-kapjuk-vissza","status":"publish","type":"post","link":"https:\/\/estv.hu\/index.php\/2026\/03\/26\/vasarnap-eltunik-egy-ora-az-eletunkbol-csak-oktoberben-kapjuk-vissza\/","title":{"rendered":"Vas\u00e1rnap elt\u0171nik egy \u00f3ra az \u00e9let\u00fcnkb\u0151l, csak okt\u00f3berben kapjuk vissza"},"content":{"rendered":"\n<p>M\u00e1rcius utols\u00f3 vas\u00e1rnapj\u00e1n ism\u00e9t \u00e1t kell \u00e1ll\u00edtani az \u00f3r\u00e1kat: 2026-ban a ny\u00e1ri id\u0151sz\u00e1m\u00edt\u00e1s m\u00e1rcius 29-\u00e9n hajnalban kezd\u0151dik, amikor 2 \u00f3r\u00e1r\u00f3l 3 \u00f3r\u00e1ra kell el\u0151re\u00e1ll\u00edtani az id\u0151t. Az \u00e1t\u00e1ll\u00edt\u00e1s miatt egy \u00f3r\u00e1val r\u00f6videbb lesz az \u00e9jszaka, ugyanakkor est\u00e9re tov\u00e1bb marad vil\u00e1gos.<\/p>\n\n\n<div class=\"gb-container gb-container-2250d61b\">\n\n<iframe loading=\"lazy\" title=\"Szombaton elt\u0171nik egy \u00f3ra az \u00e9let\u00fcnkb\u0151l, csak okt\u00f3berben kapjuk vissza\" width=\"500\" height=\"281\" src=\"https:\/\/www.youtube.com\/embed\/GJyza-8X6gs?feature=oembed\" frameborder=\"0\" allow=\"accelerometer; autoplay; clipboard-write; encrypted-media; gyroscope; picture-in-picture; web-share\" referrerpolicy=\"strict-origin-when-cross-origin\" allowfullscreen><\/iframe>\n\n<\/div>","protected":false},"excerpt":{"rendered":"<p>M\u00e1rcius utols\u00f3 vas\u00e1rnapj\u00e1n ism\u00e9t \u00e1t kell \u00e1ll\u00edtani az \u00f3r\u00e1kat: 2026-ban a ny\u00e1ri id\u0151sz\u00e1m\u00edt\u00e1s m\u00e1rcius 29-\u00e9n hajnalban kezd\u0151dik, amikor 2 \u00f3r\u00e1r\u00f3l 3 \u00f3r\u00e1ra kell el\u0151re\u00e1ll\u00edtani az id\u0151t. Az \u00e1t\u00e1ll\u00edt\u00e1s miatt egy \u00f3r\u00e1val r\u00f6videbb lesz az \u00e9jszaka, ugyanakkor est\u00e9re tov\u00e1bb marad vil\u00e1gos.<\/p>\n","protected":false},"author":2,"featured_media":4598,"comment_status":"closed","ping_status":"open","sticky":false,"template":"","format":"standard","meta":{"footnotes":""},"categories":[90],"tags":[],"class_list":["post-4597","post","type-post","status-publish","format-standard","has-post-thumbnail","hentry","category-hirek"],"_links":{"self":[{"href":"https:\/\/estv.hu\/index.php\/wp-json\/wp\/v2\/posts\/4597","targetHints":{"allow":["GET"]}}],"collection":[{"href":"https:\/\/estv.hu\/index.php\/wp-json\/wp\/v2\/posts"}],"about":[{"href":"https:\/\/estv.hu\/index.php\/wp-json\/wp\/v2\/types\/post"}],"author":[{"embeddable":true,"href":"https:\/\/estv.hu\/index.php\/wp-json\/wp\/v2\/users\/2"}],"replies":[{"embeddable":true,"href":"https:\/\/estv.hu\/index.php\/wp-json\/wp\/v2\/comments?post=4597"}],"version-history":[{"count":2,"href":"https:\/\/estv.hu\/index.php\/wp-json\/wp\/v2\/posts\/4597\/revisions"}],"predecessor-version":[{"id":4600,"href":"https:\/\/estv.hu\/index.php\/wp-json\/wp\/v2\/posts\/4597\/revisions\/4600"}],"wp:featuredmedia":[{"embeddable":true,"href":"https:\/\/estv.hu\/index.php\/wp-json\/wp\/v2\/media\/4598"}],"wp:attachment":[{"href":"https:\/\/estv.hu\/index.php\/wp-json\/wp\/v2\/media?parent=4597"}],"wp:term":[{"taxonomy":"category","embeddable":true,"href":"https:\/\/estv.hu\/index.php\/wp-json\/wp\/v2\/categories?post=4597"},{"taxonomy":"post_tag","embeddable":true,"href":"https:\/\/estv.hu\/index.php\/wp-json\/wp\/v2\/tags?post=4597"}],"curies":[{"name":"wp","href":"https:\/\/api.w.org\/{rel}","templated":true}]}}