{"id":4674,"date":"2026-03-30T14:53:46","date_gmt":"2026-03-30T12:53:46","guid":{"rendered":"https:\/\/estv.hu\/?p=4674"},"modified":"2026-03-30T14:53:49","modified_gmt":"2026-03-30T12:53:49","slug":"penteken-atadtak-a-vaci-szakrendelo-belul-felujitott-epuletreszei","status":"publish","type":"post","link":"https:\/\/estv.hu\/index.php\/2026\/03\/30\/penteken-atadtak-a-vaci-szakrendelo-belul-felujitott-epuletreszei\/","title":{"rendered":"P\u00e9nteken \u00e1tadt\u00e1k a v\u00e1ci szakrendel\u0151 bel\u00fcl fel\u00faj\u00edtott \u00e9p\u00fcletr\u00e9szei"},"content":{"rendered":"\n<p>P\u00e9nteken kora d\u00e9lut\u00e1n R\u00e9tv\u00e1ri Bence a K\u00f6zigazgat\u00e1si \u00e9s Ter\u00fcletfejleszt\u00e9si Miniszt\u00e9rium \u00e1llamtitk\u00e1r\u00e1val \u00e9s a K\u00f6zbeszerz\u00e9si \u00e9s Ell\u00e1t\u00e1si F\u0151igazgat\u00f3s\u00e1g vezet\u0151j\u00e9vel adta \u00e1t a fel\u00faj\u00edtott v\u00e1ci szakrendel\u0151 \u00e9p\u00fclet\u00e9t. Az 1,8 milli\u00e1rd forintot meghalad\u00f3 munk\u00e1k sor\u00e1n kifestett\u00e9k a k\u00f6zel 50 \u00e9ves \u00e9p\u00fclet 2600 n\u00e9gyzetm\u00e9ter\u00e9t, ny\u00edl\u00e1sz\u00e1r\u00f3kat cser\u00e9ltek, de az elektromos h\u00e1l\u00f3zatot \u00e9s a f\u0171t\u00e9srendszert is korszer\u0171s\u00edtett\u00e9k. A megnyit\u00f3n V\u00e1c korm\u00e1nyp\u00e1rti k\u00e9pvisel\u0151je kiemelte, t\u00f6bbek k\u00f6zt az eg\u00e9szs\u00e9g\u00fcgyre ford\u00edtott \u00f6sszegeknek k\u00f6sz\u00f6nhet\u0151en is, ma m\u00e1r mi magyarok el\u00e9rt\u00fck a v\u00e1rhat\u00f3 eg\u00e9szs\u00e9gben elt\u00f6lt\u00f6tt \u00e9lettartam tekintet\u00e9ben az uni\u00f3s \u00e1tlagot.<\/p>\n\n\n<div class=\"gb-container gb-container-c3d77238\">\n<div class=\"gb-container gb-container-7ff20d99\">\n\n<iframe loading=\"lazy\" title=\"P\u00e9nteken \u00e1tadt\u00e1k a v\u00e1ci szakrendel\u0151 bel\u00fcl fel\u00faj\u00edtott \u00e9p\u00fcletr\u00e9szei\" width=\"500\" height=\"281\" src=\"https:\/\/www.youtube.com\/embed\/RRwljevDbvQ?feature=oembed\" frameborder=\"0\" allow=\"accelerometer; autoplay; clipboard-write; encrypted-media; gyroscope; picture-in-picture; web-share\" referrerpolicy=\"strict-origin-when-cross-origin\" allowfullscreen><\/iframe>\n\n<\/div>\n<\/div>","protected":false},"excerpt":{"rendered":"<p>P\u00e9nteken kora d\u00e9lut\u00e1n R\u00e9tv\u00e1ri Bence a K\u00f6zigazgat\u00e1si \u00e9s Ter\u00fcletfejleszt\u00e9si Miniszt\u00e9rium \u00e1llamtitk\u00e1r\u00e1val \u00e9s a K\u00f6zbeszerz\u00e9si \u00e9s Ell\u00e1t\u00e1si F\u0151igazgat\u00f3s\u00e1g vezet\u0151j\u00e9vel adta \u00e1t a fel\u00faj\u00edtott v\u00e1ci szakrendel\u0151 \u00e9p\u00fclet\u00e9t. Az 1,8 milli\u00e1rd forintot meghalad\u00f3 munk\u00e1k sor\u00e1n kifestett\u00e9k a k\u00f6zel 50 \u00e9ves \u00e9p\u00fclet 2600 n\u00e9gyzetm\u00e9ter\u00e9t, ny\u00edl\u00e1sz\u00e1r\u00f3kat cser\u00e9ltek, de az elektromos h\u00e1l\u00f3zatot \u00e9s a f\u0171t\u00e9srendszert is korszer\u0171s\u00edtett\u00e9k. A megnyit\u00f3n V\u00e1c korm\u00e1nyp\u00e1rti [&hellip;]<\/p>\n","protected":false},"author":2,"featured_media":4675,"comment_status":"closed","ping_status":"open","sticky":false,"template":"","format":"standard","meta":{"footnotes":""},"categories":[90],"tags":[],"class_list":["post-4674","post","type-post","status-publish","format-standard","has-post-thumbnail","hentry","category-hirek"],"_links":{"self":[{"href":"https:\/\/estv.hu\/index.php\/wp-json\/wp\/v2\/posts\/4674","targetHints":{"allow":["GET"]}}],"collection":[{"href":"https:\/\/estv.hu\/index.php\/wp-json\/wp\/v2\/posts"}],"about":[{"href":"https:\/\/estv.hu\/index.php\/wp-json\/wp\/v2\/types\/post"}],"author":[{"embeddable":true,"href":"https:\/\/estv.hu\/index.php\/wp-json\/wp\/v2\/users\/2"}],"replies":[{"embeddable":true,"href":"https:\/\/estv.hu\/index.php\/wp-json\/wp\/v2\/comments?post=4674"}],"version-history":[{"count":1,"href":"https:\/\/estv.hu\/index.php\/wp-json\/wp\/v2\/posts\/4674\/revisions"}],"predecessor-version":[{"id":4676,"href":"https:\/\/estv.hu\/index.php\/wp-json\/wp\/v2\/posts\/4674\/revisions\/4676"}],"wp:featuredmedia":[{"embeddable":true,"href":"https:\/\/estv.hu\/index.php\/wp-json\/wp\/v2\/media\/4675"}],"wp:attachment":[{"href":"https:\/\/estv.hu\/index.php\/wp-json\/wp\/v2\/media?parent=4674"}],"wp:term":[{"taxonomy":"category","embeddable":true,"href":"https:\/\/estv.hu\/index.php\/wp-json\/wp\/v2\/categories?post=4674"},{"taxonomy":"post_tag","embeddable":true,"href":"https:\/\/estv.hu\/index.php\/wp-json\/wp\/v2\/tags?post=4674"}],"curies":[{"name":"wp","href":"https:\/\/api.w.org\/{rel}","templated":true}]}}