{"id":4681,"date":"2026-03-31T15:29:55","date_gmt":"2026-03-31T13:29:55","guid":{"rendered":"https:\/\/estv.hu\/?p=4681"},"modified":"2026-03-31T15:29:57","modified_gmt":"2026-03-31T13:29:57","slug":"szodligetre-vitt-konyveket-az-ukran-nagykovet","status":"publish","type":"post","link":"https:\/\/estv.hu\/index.php\/2026\/03\/31\/szodligetre-vitt-konyveket-az-ukran-nagykovet\/","title":{"rendered":"Sz\u0151dligetre vitt k\u00f6nyveket az Ukr\u00e1n nagyk\u00f6vet"},"content":{"rendered":"\n<p>Ukr\u00e1n k\u00f6nyvespolcot adtak \u00e1t a h\u00e9t elej\u00e9n a sz\u0151dligeti k\u00f6nyvt\u00e1rban. Az esem\u00e9nyen r\u00e9szt vett FegyirFjodorovics S\u00e1ndor, r\u00e9szben magyar sz\u00e1rmaz\u00e1s\u00fa ukr\u00e1n nagyk\u00f6vet, aki k\u00f6nyveket is hozott az int\u00e9zm\u00e9ny sz\u00e1m\u00e1ra, \u00e9s akit Juh\u00e1sz B\u00e9la polg\u00e1rmester fogadott.A DK orsz\u00e1ggy\u0171l\u00e9si k\u00e9pvisel\u0151jel\u00f6ltje az esem\u00e9nyen arr\u00f3l besz\u00e9lt: fontosnak tartja, hogy a magyar \u00e9s az ukr\u00e1n emberek k\u00f6z\u00f6tt fennmaradjon a p\u00e1rbesz\u00e9d \u00e9s a k\u00f6lcs\u00f6n\u00f6s meg\u00e9rt\u00e9s, \u00e9s a k\u00f6z\u00e9leti vit\u00e1k ne akad\u00e1lyozz\u00e1k a mindennapi egy\u00fcttm\u0171k\u00f6d\u00e9st.<\/p>\n\n\n<div class=\"gb-container gb-container-eddf0490\">\n\n<iframe loading=\"lazy\" title=\"Sz\u0151dligetre vitt k\u00f6nyveket az Ukr\u00e1n nagyk\u00f6vet\" width=\"500\" height=\"281\" src=\"https:\/\/www.youtube.com\/embed\/Lujq-i-Dg4U?feature=oembed\" frameborder=\"0\" allow=\"accelerometer; autoplay; clipboard-write; encrypted-media; gyroscope; picture-in-picture; web-share\" referrerpolicy=\"strict-origin-when-cross-origin\" allowfullscreen><\/iframe>\n\n<\/div>","protected":false},"excerpt":{"rendered":"<p>Ukr\u00e1n k\u00f6nyvespolcot adtak \u00e1t a h\u00e9t elej\u00e9n a sz\u0151dligeti k\u00f6nyvt\u00e1rban. Az esem\u00e9nyen r\u00e9szt vett FegyirFjodorovics S\u00e1ndor, r\u00e9szben magyar sz\u00e1rmaz\u00e1s\u00fa ukr\u00e1n nagyk\u00f6vet, aki k\u00f6nyveket is hozott az int\u00e9zm\u00e9ny sz\u00e1m\u00e1ra, \u00e9s akit Juh\u00e1sz B\u00e9la polg\u00e1rmester fogadott.A DK orsz\u00e1ggy\u0171l\u00e9si k\u00e9pvisel\u0151jel\u00f6ltje az esem\u00e9nyen arr\u00f3l besz\u00e9lt: fontosnak tartja, hogy a magyar \u00e9s az ukr\u00e1n emberek k\u00f6z\u00f6tt fennmaradjon a p\u00e1rbesz\u00e9d \u00e9s [&hellip;]<\/p>\n","protected":false},"author":2,"featured_media":4682,"comment_status":"closed","ping_status":"open","sticky":false,"template":"","format":"standard","meta":{"footnotes":""},"categories":[90],"tags":[],"class_list":["post-4681","post","type-post","status-publish","format-standard","has-post-thumbnail","hentry","category-hirek"],"_links":{"self":[{"href":"https:\/\/estv.hu\/index.php\/wp-json\/wp\/v2\/posts\/4681","targetHints":{"allow":["GET"]}}],"collection":[{"href":"https:\/\/estv.hu\/index.php\/wp-json\/wp\/v2\/posts"}],"about":[{"href":"https:\/\/estv.hu\/index.php\/wp-json\/wp\/v2\/types\/post"}],"author":[{"embeddable":true,"href":"https:\/\/estv.hu\/index.php\/wp-json\/wp\/v2\/users\/2"}],"replies":[{"embeddable":true,"href":"https:\/\/estv.hu\/index.php\/wp-json\/wp\/v2\/comments?post=4681"}],"version-history":[{"count":1,"href":"https:\/\/estv.hu\/index.php\/wp-json\/wp\/v2\/posts\/4681\/revisions"}],"predecessor-version":[{"id":4683,"href":"https:\/\/estv.hu\/index.php\/wp-json\/wp\/v2\/posts\/4681\/revisions\/4683"}],"wp:featuredmedia":[{"embeddable":true,"href":"https:\/\/estv.hu\/index.php\/wp-json\/wp\/v2\/media\/4682"}],"wp:attachment":[{"href":"https:\/\/estv.hu\/index.php\/wp-json\/wp\/v2\/media?parent=4681"}],"wp:term":[{"taxonomy":"category","embeddable":true,"href":"https:\/\/estv.hu\/index.php\/wp-json\/wp\/v2\/categories?post=4681"},{"taxonomy":"post_tag","embeddable":true,"href":"https:\/\/estv.hu\/index.php\/wp-json\/wp\/v2\/tags?post=4681"}],"curies":[{"name":"wp","href":"https:\/\/api.w.org\/{rel}","templated":true}]}}