{"id":5063,"date":"2026-04-27T11:19:09","date_gmt":"2026-04-27T09:19:09","guid":{"rendered":"https:\/\/estv.hu\/?p=5063"},"modified":"2026-04-27T11:19:11","modified_gmt":"2026-04-27T09:19:11","slug":"a-zebegenyi-testuletet-onfeloszlatasat-kezdemenyezi-tobb-kepviselo-a-polgarmester-miatt","status":"publish","type":"post","link":"https:\/\/estv.hu\/index.php\/2026\/04\/27\/a-zebegenyi-testuletet-onfeloszlatasat-kezdemenyezi-tobb-kepviselo-a-polgarmester-miatt\/","title":{"rendered":"A zebeg\u00e9nyi test\u00fcletet \u00f6nfeloszlat\u00e1s\u00e1t kezdem\u00e9nyezi t\u00f6bb k\u00e9pvisel\u0151 a polg\u00e1rmester miatt"},"content":{"rendered":"\n<p>A test\u00fclet feloszlat\u00e1s\u00e1t kezdem\u00e9nyezi n\u00e9gy k\u00e9pvisel\u0151 Zebeg\u00e9nyben, mert szerint\u00fck,a polg\u00e1rmester autokratikus hozz\u00e1\u00e1ll\u00e1sa miatt ellhetetlen\u00fclt a hat\u00e9kony d\u00f6nt\u00e9shoz\u00f3i munka. HajnalP\u00e9ter k\u00e9pvisel\u0151 \u00fagy l\u00e1tja,a test\u00fclet r\u00e1ad\u00e1sulsok esetben t\u00f6rv\u00e9nytelen\u00fcl m\u0171k\u00f6dik a v\u00e1rosvezet\u0151 hozz\u00e1\u00e1ll\u00e1sa miatt. Az ES megkereste Zebeg\u00e9ny polg\u00e1rmester\u00e9t, Ferenczy Ern\u0151 Ervint, aki \u00fagy nyilatkozott: szerinte a telep\u00fcl\u00e9s fejl\u0151dik, a feloszlat\u00e1st kezdem\u00e9nyez\u0151 n\u00e9gy k\u00e9pvisel\u0151 pedig nem a munk\u00e1t v\u00e1lasztotta, hanem az \u00f6nfeloszlat\u00e1sban \u00e9rdekelt. Amennyiben a javaslatot a k\u00f6vetkez\u0151 \u00fcl\u00e9sen megszavazz\u00e1k, legk\u00e9s\u0151bb augusztus k\u00f6zep\u00e9ig id\u0151k\u00f6zi v\u00e1laszt\u00e1st kell ki\u00edrni a telep\u00fcl\u00e9sen.<\/p>\n\n\n<div class=\"gb-container gb-container-11a67662\">\n\n<iframe loading=\"lazy\" title=\"A zebeg\u00e9nyi test\u00fcletet \u00f6nfeloszlat\u00e1s\u00e1t kezdem\u00e9nyezi t\u00f6bb k\u00e9pvisel\u0151 a polg\u00e1rmester miatt\" width=\"500\" height=\"281\" src=\"https:\/\/www.youtube.com\/embed\/GS_BkIHuNBU?feature=oembed\" frameborder=\"0\" allow=\"accelerometer; autoplay; clipboard-write; encrypted-media; gyroscope; picture-in-picture; web-share\" referrerpolicy=\"strict-origin-when-cross-origin\" allowfullscreen><\/iframe>\n\n<\/div>","protected":false},"excerpt":{"rendered":"<p>A test\u00fclet feloszlat\u00e1s\u00e1t kezdem\u00e9nyezi n\u00e9gy k\u00e9pvisel\u0151 Zebeg\u00e9nyben, mert szerint\u00fck,a polg\u00e1rmester autokratikus hozz\u00e1\u00e1ll\u00e1sa miatt ellhetetlen\u00fclt a hat\u00e9kony d\u00f6nt\u00e9shoz\u00f3i munka. HajnalP\u00e9ter k\u00e9pvisel\u0151 \u00fagy l\u00e1tja,a test\u00fclet r\u00e1ad\u00e1sulsok esetben t\u00f6rv\u00e9nytelen\u00fcl m\u0171k\u00f6dik a v\u00e1rosvezet\u0151 hozz\u00e1\u00e1ll\u00e1sa miatt. Az ES megkereste Zebeg\u00e9ny polg\u00e1rmester\u00e9t, Ferenczy Ern\u0151 Ervint, aki \u00fagy nyilatkozott: szerinte a telep\u00fcl\u00e9s fejl\u0151dik, a feloszlat\u00e1st kezdem\u00e9nyez\u0151 n\u00e9gy k\u00e9pvisel\u0151 pedig nem a munk\u00e1t [&hellip;]<\/p>\n","protected":false},"author":2,"featured_media":5064,"comment_status":"closed","ping_status":"open","sticky":false,"template":"","format":"standard","meta":{"footnotes":""},"categories":[90],"tags":[],"class_list":["post-5063","post","type-post","status-publish","format-standard","has-post-thumbnail","hentry","category-hirek"],"_links":{"self":[{"href":"https:\/\/estv.hu\/index.php\/wp-json\/wp\/v2\/posts\/5063","targetHints":{"allow":["GET"]}}],"collection":[{"href":"https:\/\/estv.hu\/index.php\/wp-json\/wp\/v2\/posts"}],"about":[{"href":"https:\/\/estv.hu\/index.php\/wp-json\/wp\/v2\/types\/post"}],"author":[{"embeddable":true,"href":"https:\/\/estv.hu\/index.php\/wp-json\/wp\/v2\/users\/2"}],"replies":[{"embeddable":true,"href":"https:\/\/estv.hu\/index.php\/wp-json\/wp\/v2\/comments?post=5063"}],"version-history":[{"count":1,"href":"https:\/\/estv.hu\/index.php\/wp-json\/wp\/v2\/posts\/5063\/revisions"}],"predecessor-version":[{"id":5065,"href":"https:\/\/estv.hu\/index.php\/wp-json\/wp\/v2\/posts\/5063\/revisions\/5065"}],"wp:featuredmedia":[{"embeddable":true,"href":"https:\/\/estv.hu\/index.php\/wp-json\/wp\/v2\/media\/5064"}],"wp:attachment":[{"href":"https:\/\/estv.hu\/index.php\/wp-json\/wp\/v2\/media?parent=5063"}],"wp:term":[{"taxonomy":"category","embeddable":true,"href":"https:\/\/estv.hu\/index.php\/wp-json\/wp\/v2\/categories?post=5063"},{"taxonomy":"post_tag","embeddable":true,"href":"https:\/\/estv.hu\/index.php\/wp-json\/wp\/v2\/tags?post=5063"}],"curies":[{"name":"wp","href":"https:\/\/api.w.org\/{rel}","templated":true}]}}