{"id":5066,"date":"2026-04-27T11:21:15","date_gmt":"2026-04-27T09:21:15","guid":{"rendered":"https:\/\/estv.hu\/?p=5066"},"modified":"2026-04-27T11:21:17","modified_gmt":"2026-04-27T09:21:17","slug":"valaszd-a-varost-iden-is-felajanlhato-vaci-szervezetnek-az-ado-1-a","status":"publish","type":"post","link":"https:\/\/estv.hu\/index.php\/2026\/04\/27\/valaszd-a-varost-iden-is-felajanlhato-vaci-szervezetnek-az-ado-1-a\/","title":{"rendered":"V\u00e1laszd a v\u00e1rost \u2013 id\u00e9n is felaj\u00e1nlhat\u00f3 v\u00e1ci szervezetnek az ad\u00f3 1%-a"},"content":{"rendered":"\n<p>Folyamatosan el\u00e9rhet\u0151k az inform\u00e1ci\u00f3k a V\u00e1ci 1% Facebook-oldalon azok sz\u00e1m\u00e1ra, akik helyi egyes\u00fcletnek vagy alap\u00edtv\u00e1nynak aj\u00e1nlan\u00e1k fel szem\u00e9lyi j\u00f6vedelemad\u00f3juk egy sz\u00e1zal\u00e9k\u00e1t. A civil szervezetek sz\u00e1m\u00e1ra ezek a felaj\u00e1nl\u00e1sok az \u00e9ves m\u0171k\u00f6d\u00e9s\u00fck szempontj\u00e1b\u00f3l meghat\u00e1roz\u00f3 jelent\u0151s\u00e9g\u0171ek lehetnek.<\/p>\n\n\n<div class=\"gb-container gb-container-ed31afcf\">\n\n<iframe loading=\"lazy\" title=\"V\u00e1laszd a v\u00e1rost \u2013 id\u00e9n is felaj\u00e1nlhat\u00f3 v\u00e1ci szervezetnek az ad\u00f3 1%-a\" width=\"500\" height=\"281\" src=\"https:\/\/www.youtube.com\/embed\/QmDioCZyeRA?feature=oembed\" frameborder=\"0\" allow=\"accelerometer; autoplay; clipboard-write; encrypted-media; gyroscope; picture-in-picture; web-share\" referrerpolicy=\"strict-origin-when-cross-origin\" allowfullscreen><\/iframe>\n\n<\/div>","protected":false},"excerpt":{"rendered":"<p>Folyamatosan el\u00e9rhet\u0151k az inform\u00e1ci\u00f3k a V\u00e1ci 1% Facebook-oldalon azok sz\u00e1m\u00e1ra, akik helyi egyes\u00fcletnek vagy alap\u00edtv\u00e1nynak aj\u00e1nlan\u00e1k fel szem\u00e9lyi j\u00f6vedelemad\u00f3juk egy sz\u00e1zal\u00e9k\u00e1t. A civil szervezetek sz\u00e1m\u00e1ra ezek a felaj\u00e1nl\u00e1sok az \u00e9ves m\u0171k\u00f6d\u00e9s\u00fck szempontj\u00e1b\u00f3l meghat\u00e1roz\u00f3 jelent\u0151s\u00e9g\u0171ek lehetnek.<\/p>\n","protected":false},"author":2,"featured_media":5067,"comment_status":"closed","ping_status":"open","sticky":false,"template":"","format":"standard","meta":{"footnotes":""},"categories":[90],"tags":[],"class_list":["post-5066","post","type-post","status-publish","format-standard","has-post-thumbnail","hentry","category-hirek"],"_links":{"self":[{"href":"https:\/\/estv.hu\/index.php\/wp-json\/wp\/v2\/posts\/5066","targetHints":{"allow":["GET"]}}],"collection":[{"href":"https:\/\/estv.hu\/index.php\/wp-json\/wp\/v2\/posts"}],"about":[{"href":"https:\/\/estv.hu\/index.php\/wp-json\/wp\/v2\/types\/post"}],"author":[{"embeddable":true,"href":"https:\/\/estv.hu\/index.php\/wp-json\/wp\/v2\/users\/2"}],"replies":[{"embeddable":true,"href":"https:\/\/estv.hu\/index.php\/wp-json\/wp\/v2\/comments?post=5066"}],"version-history":[{"count":1,"href":"https:\/\/estv.hu\/index.php\/wp-json\/wp\/v2\/posts\/5066\/revisions"}],"predecessor-version":[{"id":5068,"href":"https:\/\/estv.hu\/index.php\/wp-json\/wp\/v2\/posts\/5066\/revisions\/5068"}],"wp:featuredmedia":[{"embeddable":true,"href":"https:\/\/estv.hu\/index.php\/wp-json\/wp\/v2\/media\/5067"}],"wp:attachment":[{"href":"https:\/\/estv.hu\/index.php\/wp-json\/wp\/v2\/media?parent=5066"}],"wp:term":[{"taxonomy":"category","embeddable":true,"href":"https:\/\/estv.hu\/index.php\/wp-json\/wp\/v2\/categories?post=5066"},{"taxonomy":"post_tag","embeddable":true,"href":"https:\/\/estv.hu\/index.php\/wp-json\/wp\/v2\/tags?post=5066"}],"curies":[{"name":"wp","href":"https:\/\/api.w.org\/{rel}","templated":true}]}}