{"id":5069,"date":"2026-04-27T11:22:47","date_gmt":"2026-04-27T09:22:47","guid":{"rendered":"https:\/\/estv.hu\/?p=5069"},"modified":"2026-04-27T11:22:49","modified_gmt":"2026-04-27T09:22:49","slug":"itt-a-strandszezon-a-mav-elinditja-a-jegmadar-expresszt","status":"publish","type":"post","link":"https:\/\/estv.hu\/index.php\/2026\/04\/27\/itt-a-strandszezon-a-mav-elinditja-a-jegmadar-expresszt\/","title":{"rendered":"Itt a strandszezon , a M\u00c1V elind\u00edtja a j\u00e9gmad\u00e1r expresszt"},"content":{"rendered":"\n<p>Kor\u00e1bban indul az el\u0151szezon, a hossz\u00fa h\u00e9tv\u00e9g\u00e9t\u0151l s\u0171r\u00edti j\u00e1ratait a M\u00c1V. Gyakrabban k\u00f6zleked\u0151 vonatokkal \u00e9s \u00f6sszehangolt buszcsatlakoz\u00e1sokkal teszi m\u00e1jus 1-t\u0151l k\u00e9nyelmesebb\u00e9 az utaz\u00e1st a vonatt\u00e1rsas\u00e1g- olvashat\u00f3 k\u00f6zlem\u00e9ny\u00fckben. Hamarosan indul a hivatalos strandszezon, ezzel egy\u00fctt ism\u00e9t k\u00f6zlekedik a J\u00e9gmad\u00e1r, amely a Dunakanyarb\u00f3l sz\u00e1ll\u00edt utasokat a d\u00e9li partra.<\/p>\n\n\n<div class=\"gb-container gb-container-59549f3d\">\n\n<iframe loading=\"lazy\" title=\"Itt a strandszezon , a M\u00c1V elind\u00edtja a j\u00e9gmad\u00e1r expresszt\" width=\"500\" height=\"281\" src=\"https:\/\/www.youtube.com\/embed\/RQyoqNvhYPY?feature=oembed\" frameborder=\"0\" allow=\"accelerometer; autoplay; clipboard-write; encrypted-media; gyroscope; picture-in-picture; web-share\" referrerpolicy=\"strict-origin-when-cross-origin\" allowfullscreen><\/iframe>\n\n<\/div>","protected":false},"excerpt":{"rendered":"<p>Kor\u00e1bban indul az el\u0151szezon, a hossz\u00fa h\u00e9tv\u00e9g\u00e9t\u0151l s\u0171r\u00edti j\u00e1ratait a M\u00c1V. Gyakrabban k\u00f6zleked\u0151 vonatokkal \u00e9s \u00f6sszehangolt buszcsatlakoz\u00e1sokkal teszi m\u00e1jus 1-t\u0151l k\u00e9nyelmesebb\u00e9 az utaz\u00e1st a vonatt\u00e1rsas\u00e1g- olvashat\u00f3 k\u00f6zlem\u00e9ny\u00fckben. Hamarosan indul a hivatalos strandszezon, ezzel egy\u00fctt ism\u00e9t k\u00f6zlekedik a J\u00e9gmad\u00e1r, amely a Dunakanyarb\u00f3l sz\u00e1ll\u00edt utasokat a d\u00e9li partra.<\/p>\n","protected":false},"author":2,"featured_media":5070,"comment_status":"closed","ping_status":"open","sticky":false,"template":"","format":"standard","meta":{"footnotes":""},"categories":[90],"tags":[],"class_list":["post-5069","post","type-post","status-publish","format-standard","has-post-thumbnail","hentry","category-hirek"],"_links":{"self":[{"href":"https:\/\/estv.hu\/index.php\/wp-json\/wp\/v2\/posts\/5069","targetHints":{"allow":["GET"]}}],"collection":[{"href":"https:\/\/estv.hu\/index.php\/wp-json\/wp\/v2\/posts"}],"about":[{"href":"https:\/\/estv.hu\/index.php\/wp-json\/wp\/v2\/types\/post"}],"author":[{"embeddable":true,"href":"https:\/\/estv.hu\/index.php\/wp-json\/wp\/v2\/users\/2"}],"replies":[{"embeddable":true,"href":"https:\/\/estv.hu\/index.php\/wp-json\/wp\/v2\/comments?post=5069"}],"version-history":[{"count":1,"href":"https:\/\/estv.hu\/index.php\/wp-json\/wp\/v2\/posts\/5069\/revisions"}],"predecessor-version":[{"id":5071,"href":"https:\/\/estv.hu\/index.php\/wp-json\/wp\/v2\/posts\/5069\/revisions\/5071"}],"wp:featuredmedia":[{"embeddable":true,"href":"https:\/\/estv.hu\/index.php\/wp-json\/wp\/v2\/media\/5070"}],"wp:attachment":[{"href":"https:\/\/estv.hu\/index.php\/wp-json\/wp\/v2\/media?parent=5069"}],"wp:term":[{"taxonomy":"category","embeddable":true,"href":"https:\/\/estv.hu\/index.php\/wp-json\/wp\/v2\/categories?post=5069"},{"taxonomy":"post_tag","embeddable":true,"href":"https:\/\/estv.hu\/index.php\/wp-json\/wp\/v2\/tags?post=5069"}],"curies":[{"name":"wp","href":"https:\/\/api.w.org\/{rel}","templated":true}]}}