{"id":5075,"date":"2026-04-27T13:39:58","date_gmt":"2026-04-27T11:39:58","guid":{"rendered":"https:\/\/estv.hu\/?p=5075"},"modified":"2026-04-27T13:40:03","modified_gmt":"2026-04-27T11:40:03","slug":"ujdonsag-a-nav-a-rendelkezesre-allo-online-adatokat-is-betolti-az-egyeni-vallalkozok-szja-bevallasaba","status":"publish","type":"post","link":"https:\/\/estv.hu\/index.php\/2026\/04\/27\/ujdonsag-a-nav-a-rendelkezesre-allo-online-adatokat-is-betolti-az-egyeni-vallalkozok-szja-bevallasaba\/","title":{"rendered":"\u00dajdons\u00e1g: a NAV a rendelkez\u00e9sre \u00e1ll\u00f3 online adatokat is bet\u00f6lti az egy\u00e9ni v\u00e1llalkoz\u00f3k szja-bevall\u00e1s\u00e1ba"},"content":{"rendered":"\n<p>A rendelkez\u00e9sre \u00e1ll\u00f3 online adatokat is be\u00e9p\u00edti az egy\u00e9ni v\u00e1llalkoz\u00f3k szem\u00e9lyij\u00f6vedelemad\u00f3-bevall\u00e1si tervezet\u00e9be a Nemzeti Ad\u00f3- \u00e9s V\u00e1mhivatal. A hivatal MTI-hez h\u00e9tf\u0151n eljuttatott k\u00f6zl\u00e9se szerint a fejleszt\u00e9s r\u00e9szek\u00e9nt az online sz\u00e1mla- \u00e9s p\u00e9nzt\u00e1rg\u00e9padatok, valamint a szoci\u00e1lis hozz\u00e1j\u00e1rul\u00e1si ad\u00f3hoz \u00e9s j\u00e1rul\u00e9kokhoz kapcsol\u00f3d\u00f3 inform\u00e1ci\u00f3k is beker\u00fclnek a tervezetekbe, ami egyszerre gyors\u00edthatja az \u00fcgyint\u00e9z\u00e9st \u00e9s jav\u00edthatja a bevall\u00e1sok pontoss\u00e1g\u00e1t.<\/p>\n\n\n<div class=\"gb-container gb-container-aefb05ce\">\n\n<iframe loading=\"lazy\" title=\"A NAV a rendelkez\u00e9sre \u00e1ll\u00f3 online adatokat is bet\u00f6lti az egy\u00e9ni v\u00e1llalkoz\u00f3k szja-bevall\u00e1s\u00e1ba\" width=\"500\" height=\"281\" src=\"https:\/\/www.youtube.com\/embed\/1aL4KEGa4wU?feature=oembed\" frameborder=\"0\" allow=\"accelerometer; autoplay; clipboard-write; encrypted-media; gyroscope; picture-in-picture; web-share\" referrerpolicy=\"strict-origin-when-cross-origin\" allowfullscreen><\/iframe>\n\n<\/div>","protected":false},"excerpt":{"rendered":"<p>A rendelkez\u00e9sre \u00e1ll\u00f3 online adatokat is be\u00e9p\u00edti az egy\u00e9ni v\u00e1llalkoz\u00f3k szem\u00e9lyij\u00f6vedelemad\u00f3-bevall\u00e1si tervezet\u00e9be a Nemzeti Ad\u00f3- \u00e9s V\u00e1mhivatal. A hivatal MTI-hez h\u00e9tf\u0151n eljuttatott k\u00f6zl\u00e9se szerint a fejleszt\u00e9s r\u00e9szek\u00e9nt az online sz\u00e1mla- \u00e9s p\u00e9nzt\u00e1rg\u00e9padatok, valamint a szoci\u00e1lis hozz\u00e1j\u00e1rul\u00e1si ad\u00f3hoz \u00e9s j\u00e1rul\u00e9kokhoz kapcsol\u00f3d\u00f3 inform\u00e1ci\u00f3k is beker\u00fclnek a tervezetekbe, ami egyszerre gyors\u00edthatja az \u00fcgyint\u00e9z\u00e9st \u00e9s jav\u00edthatja a bevall\u00e1sok pontoss\u00e1g\u00e1t.<\/p>\n","protected":false},"author":2,"featured_media":5076,"comment_status":"closed","ping_status":"open","sticky":false,"template":"","format":"standard","meta":{"footnotes":""},"categories":[90],"tags":[],"class_list":["post-5075","post","type-post","status-publish","format-standard","has-post-thumbnail","hentry","category-hirek"],"_links":{"self":[{"href":"https:\/\/estv.hu\/index.php\/wp-json\/wp\/v2\/posts\/5075","targetHints":{"allow":["GET"]}}],"collection":[{"href":"https:\/\/estv.hu\/index.php\/wp-json\/wp\/v2\/posts"}],"about":[{"href":"https:\/\/estv.hu\/index.php\/wp-json\/wp\/v2\/types\/post"}],"author":[{"embeddable":true,"href":"https:\/\/estv.hu\/index.php\/wp-json\/wp\/v2\/users\/2"}],"replies":[{"embeddable":true,"href":"https:\/\/estv.hu\/index.php\/wp-json\/wp\/v2\/comments?post=5075"}],"version-history":[{"count":1,"href":"https:\/\/estv.hu\/index.php\/wp-json\/wp\/v2\/posts\/5075\/revisions"}],"predecessor-version":[{"id":5077,"href":"https:\/\/estv.hu\/index.php\/wp-json\/wp\/v2\/posts\/5075\/revisions\/5077"}],"wp:featuredmedia":[{"embeddable":true,"href":"https:\/\/estv.hu\/index.php\/wp-json\/wp\/v2\/media\/5076"}],"wp:attachment":[{"href":"https:\/\/estv.hu\/index.php\/wp-json\/wp\/v2\/media?parent=5075"}],"wp:term":[{"taxonomy":"category","embeddable":true,"href":"https:\/\/estv.hu\/index.php\/wp-json\/wp\/v2\/categories?post=5075"},{"taxonomy":"post_tag","embeddable":true,"href":"https:\/\/estv.hu\/index.php\/wp-json\/wp\/v2\/tags?post=5075"}],"curies":[{"name":"wp","href":"https:\/\/api.w.org\/{rel}","templated":true}]}}