{"id":5119,"date":"2026-04-29T10:21:19","date_gmt":"2026-04-29T08:21:19","guid":{"rendered":"https:\/\/estv.hu\/?p=5119"},"modified":"2026-04-29T10:21:22","modified_gmt":"2026-04-29T08:21:22","slug":"hirado-2026-04-27","status":"publish","type":"post","link":"https:\/\/estv.hu\/index.php\/2026\/04\/29\/hirado-2026-04-27\/","title":{"rendered":"H\u00edrad\u00f3 2026. 04. 27."},"content":{"rendered":"\n<p>Inotay Gergely szerint a magyar v\u00e1laszt\u00f3k az \u00e1prilis 12-i voksukkal kifejezt\u00e9k, hogy az orsz\u00e1g politikai rendszer\u00e9nek \u00e1talak\u00edt\u00e1s\u00e1ra van sz\u00fcks\u00e9g, mert csak \u00edgy lehet \u00faj alapokra helyezni a j\u00f6v\u0151t. Mint mondta az \u00f6nkorm\u00e1nyzat mozg\u00e1ster\u00e9nek t\u00e1g\u00edt\u00e1s\u00e1t jobb gazdas\u00e1gi helyzetet v\u00e1rnak az \u00faj 2\/3-t\u00f3l<\/p>\n\n\n\n<p>Id\u00e9n is t\u00f6bb kateg\u00f3ri\u00e1ban lehet jelentkezni az \u00f6nkorm\u00e1nyzat \u00e9s a V\u00e1ci V\u00e1rosfejleszt\u0151 Kft. k\u00f6z\u00f6s felh\u00edv\u00e1s\u00e1ra. A Vir\u00e1gos V\u00e1c\u00e9rt versenyre m\u00e1jus k\u00f6zep\u00e9ig v\u00e1rj\u00e1k a nevez\u00e9seket.<\/p>\n\n\n\n<p>A sz\u00fcl\u00e9shez \u00e9s a sz\u00fclet\u00e9shez kapcsol\u00f3d\u00f3t\u00e9m\u00e1kr\u00f3l t\u00e1j\u00e9koz\u00f3dhatnak az \u00e9rintettek \u00e9s az \u00e9rdekl\u0151d\u0151k az idei Sz\u00fclet\u00e9s Hete programon. Az esem\u00e9nyt ezen a h\u00e9tv\u00e9g\u00e9n rendezik meg a Mad\u00e1ch Imre M\u0171vel\u0151d\u00e9si K\u00f6zpontban.<\/p>\n\n\n<div class=\"gb-container gb-container-ecbdbab6\">\n\n<iframe loading=\"lazy\" title=\"A h\u00e9tv\u00e9g\u00e9n  ind\u00edtj\u00e1k az els\u0151 J\u00e9gmad\u00e1r expresszt a Dunakanyarb\u00f3l a D\u00e9li partra | H\u00edrad\u00f3 2026. 04. 27.\" width=\"500\" height=\"281\" src=\"https:\/\/www.youtube.com\/embed\/WY2MBzQ-EK0?feature=oembed\" frameborder=\"0\" allow=\"accelerometer; autoplay; clipboard-write; encrypted-media; gyroscope; picture-in-picture; web-share\" referrerpolicy=\"strict-origin-when-cross-origin\" allowfullscreen><\/iframe>\n\n<\/div>","protected":false},"excerpt":{"rendered":"<p>Inotay Gergely szerint a magyar v\u00e1laszt\u00f3k az \u00e1prilis 12-i voksukkal kifejezt\u00e9k, hogy az orsz\u00e1g politikai rendszer\u00e9nek \u00e1talak\u00edt\u00e1s\u00e1ra van sz\u00fcks\u00e9g, mert csak \u00edgy lehet \u00faj alapokra helyezni a j\u00f6v\u0151t. Mint mondta az \u00f6nkorm\u00e1nyzat mozg\u00e1ster\u00e9nek t\u00e1g\u00edt\u00e1s\u00e1t jobb gazdas\u00e1gi helyzetet v\u00e1rnak az \u00faj 2\/3-t\u00f3l Id\u00e9n is t\u00f6bb kateg\u00f3ri\u00e1ban lehet jelentkezni az \u00f6nkorm\u00e1nyzat \u00e9s a V\u00e1ci V\u00e1rosfejleszt\u0151 Kft. k\u00f6z\u00f6s [&hellip;]<\/p>\n","protected":false},"author":2,"featured_media":797,"comment_status":"closed","ping_status":"open","sticky":false,"template":"","format":"standard","meta":{"footnotes":""},"categories":[95],"tags":[],"class_list":["post-5119","post","type-post","status-publish","format-standard","has-post-thumbnail","hentry","category-hirado"],"_links":{"self":[{"href":"https:\/\/estv.hu\/index.php\/wp-json\/wp\/v2\/posts\/5119","targetHints":{"allow":["GET"]}}],"collection":[{"href":"https:\/\/estv.hu\/index.php\/wp-json\/wp\/v2\/posts"}],"about":[{"href":"https:\/\/estv.hu\/index.php\/wp-json\/wp\/v2\/types\/post"}],"author":[{"embeddable":true,"href":"https:\/\/estv.hu\/index.php\/wp-json\/wp\/v2\/users\/2"}],"replies":[{"embeddable":true,"href":"https:\/\/estv.hu\/index.php\/wp-json\/wp\/v2\/comments?post=5119"}],"version-history":[{"count":1,"href":"https:\/\/estv.hu\/index.php\/wp-json\/wp\/v2\/posts\/5119\/revisions"}],"predecessor-version":[{"id":5120,"href":"https:\/\/estv.hu\/index.php\/wp-json\/wp\/v2\/posts\/5119\/revisions\/5120"}],"wp:featuredmedia":[{"embeddable":true,"href":"https:\/\/estv.hu\/index.php\/wp-json\/wp\/v2\/media\/797"}],"wp:attachment":[{"href":"https:\/\/estv.hu\/index.php\/wp-json\/wp\/v2\/media?parent=5119"}],"wp:term":[{"taxonomy":"category","embeddable":true,"href":"https:\/\/estv.hu\/index.php\/wp-json\/wp\/v2\/categories?post=5119"},{"taxonomy":"post_tag","embeddable":true,"href":"https:\/\/estv.hu\/index.php\/wp-json\/wp\/v2\/tags?post=5119"}],"curies":[{"name":"wp","href":"https:\/\/api.w.org\/{rel}","templated":true}]}}