{"id":5121,"date":"2026-04-29T10:22:28","date_gmt":"2026-04-29T08:22:28","guid":{"rendered":"https:\/\/estv.hu\/?p=5121"},"modified":"2026-04-29T10:22:32","modified_gmt":"2026-04-29T08:22:32","slug":"maris-itt-az-allergiaszezon","status":"publish","type":"post","link":"https:\/\/estv.hu\/index.php\/2026\/04\/29\/maris-itt-az-allergiaszezon\/","title":{"rendered":"M\u00e1ris itt az allergiaszezon"},"content":{"rendered":"\n<p>Tov\u00e1bbra is tart a k\u00e9s\u0151 tavaszi pollenszezon egyik leger\u0151sebb id\u0151szaka, egyszerre k\u00f6zel h\u00faszf\u00e9le allerg\u00e9n vir\u00e1gpora van jelen a leveg\u0151ben \u2013 k\u00f6z\u00f6lte az Nemzeti N\u00e9peg\u00e9szs\u00e9g\u00fcgyi \u00e9s Gy\u00f3gyszer\u00e9szeti K\u00f6zpont t\u00e1j\u00e9koztat\u00e1sa alapj\u00e1n az MTI. A szakemberek szerint ism\u00e9t er\u0151s\u00f6dik a pollenterhel\u00e9s, t\u00f6bb allerg\u00e9n vir\u00e1gz\u00e1sa most indul, vagy \u00e9ri el a t\u00fcneteket okoz\u00f3 koncentr\u00e1ci\u00f3t. Orsz\u00e1gosan magas a ny\u00edr pollenje, k\u00f6zepes vagy magas szintet \u00e9r el az eperfaf\u00e9l\u00e9k \u00e9s a t\u00f6lgy vir\u00e1gpora, mik\u00f6zben a plat\u00e1n, a b\u00fckk \u00e9s a di\u00f3 pollenje is sokakn\u00e1l okozhat panaszokat. M\u00e1r a p\u00e1zsitf\u0171f\u00e9l\u00e9k pollenje is megjelent, amelyek koncentr\u00e1ci\u00f3ja v\u00e1rhat\u00f3an \u00e1prilis v\u00e9g\u00e9re, m\u00e1jus elej\u00e9re tov\u00e1bb emelkedik.<\/p>\n\n\n<div class=\"gb-container gb-container-45112df1\">\n\n<iframe loading=\"lazy\" title=\"M\u00e1ris itt az allergiaszezon\" width=\"500\" height=\"281\" src=\"https:\/\/www.youtube.com\/embed\/A2znXWz92WU?feature=oembed\" frameborder=\"0\" allow=\"accelerometer; autoplay; clipboard-write; encrypted-media; gyroscope; picture-in-picture; web-share\" referrerpolicy=\"strict-origin-when-cross-origin\" allowfullscreen><\/iframe>\n\n<\/div>","protected":false},"excerpt":{"rendered":"<p>Tov\u00e1bbra is tart a k\u00e9s\u0151 tavaszi pollenszezon egyik leger\u0151sebb id\u0151szaka, egyszerre k\u00f6zel h\u00faszf\u00e9le allerg\u00e9n vir\u00e1gpora van jelen a leveg\u0151ben \u2013 k\u00f6z\u00f6lte az Nemzeti N\u00e9peg\u00e9szs\u00e9g\u00fcgyi \u00e9s Gy\u00f3gyszer\u00e9szeti K\u00f6zpont t\u00e1j\u00e9koztat\u00e1sa alapj\u00e1n az MTI. A szakemberek szerint ism\u00e9t er\u0151s\u00f6dik a pollenterhel\u00e9s, t\u00f6bb allerg\u00e9n vir\u00e1gz\u00e1sa most indul, vagy \u00e9ri el a t\u00fcneteket okoz\u00f3 koncentr\u00e1ci\u00f3t. Orsz\u00e1gosan magas a ny\u00edr pollenje, [&hellip;]<\/p>\n","protected":false},"author":2,"featured_media":5122,"comment_status":"closed","ping_status":"open","sticky":false,"template":"","format":"standard","meta":{"footnotes":""},"categories":[90],"tags":[],"class_list":["post-5121","post","type-post","status-publish","format-standard","has-post-thumbnail","hentry","category-hirek"],"_links":{"self":[{"href":"https:\/\/estv.hu\/index.php\/wp-json\/wp\/v2\/posts\/5121","targetHints":{"allow":["GET"]}}],"collection":[{"href":"https:\/\/estv.hu\/index.php\/wp-json\/wp\/v2\/posts"}],"about":[{"href":"https:\/\/estv.hu\/index.php\/wp-json\/wp\/v2\/types\/post"}],"author":[{"embeddable":true,"href":"https:\/\/estv.hu\/index.php\/wp-json\/wp\/v2\/users\/2"}],"replies":[{"embeddable":true,"href":"https:\/\/estv.hu\/index.php\/wp-json\/wp\/v2\/comments?post=5121"}],"version-history":[{"count":1,"href":"https:\/\/estv.hu\/index.php\/wp-json\/wp\/v2\/posts\/5121\/revisions"}],"predecessor-version":[{"id":5123,"href":"https:\/\/estv.hu\/index.php\/wp-json\/wp\/v2\/posts\/5121\/revisions\/5123"}],"wp:featuredmedia":[{"embeddable":true,"href":"https:\/\/estv.hu\/index.php\/wp-json\/wp\/v2\/media\/5122"}],"wp:attachment":[{"href":"https:\/\/estv.hu\/index.php\/wp-json\/wp\/v2\/media?parent=5121"}],"wp:term":[{"taxonomy":"category","embeddable":true,"href":"https:\/\/estv.hu\/index.php\/wp-json\/wp\/v2\/categories?post=5121"},{"taxonomy":"post_tag","embeddable":true,"href":"https:\/\/estv.hu\/index.php\/wp-json\/wp\/v2\/tags?post=5121"}],"curies":[{"name":"wp","href":"https:\/\/api.w.org\/{rel}","templated":true}]}}