{"id":5124,"date":"2026-04-29T10:23:47","date_gmt":"2026-04-29T08:23:47","guid":{"rendered":"https:\/\/estv.hu\/?p=5124"},"modified":"2026-04-29T10:23:49","modified_gmt":"2026-04-29T08:23:49","slug":"a-vizmegtartas-volt-az-idei-gyakorlo-varos-program-fokuszaban","status":"publish","type":"post","link":"https:\/\/estv.hu\/index.php\/2026\/04\/29\/a-vizmegtartas-volt-az-idei-gyakorlo-varos-program-fokuszaban\/","title":{"rendered":"A v\u00edzmegtart\u00e1s volt az idei Gyakorl\u00f3 V\u00e1ros program f\u00f3kusz\u00e1ban"},"content":{"rendered":"\n<p>Ism\u00e9t foglalkoz\u00e1sokat tartott kedden a Gyakorl\u00f3 V\u00e1ros program a v\u00e1ci \u00c1rp\u00e1d Fejedelem \u00c1ltal\u00e1nos Iskol\u00e1ban. A Magyar Agr\u00e1r- \u00e9s \u00c9lettudom\u00e1nyi Egyetem hallgat\u00f3i \u00e9vr\u0151l \u00e9vre interakt\u00edv programokkal seg\u00edtik az \u00e1ltal\u00e1nos iskol\u00e1sok k\u00f6rnyezettudatos szeml\u00e9letform\u00e1l\u00e1s\u00e1t. Az idei foglalkoz\u00e1sok k\u00f6z\u00e9ppontj\u00e1ban ez\u00fattal is a v\u00edzmegtart\u00e1s t\u00e9m\u00e1ja \u00e1llt.<\/p>\n\n\n<div class=\"gb-container gb-container-8315545e\">\n\n<iframe loading=\"lazy\" title=\"A v\u00edzmegtart\u00e1s volt az idei Gyakorl\u00f3 V\u00e1ros program f\u00f3kusz\u00e1ban\" width=\"500\" height=\"281\" src=\"https:\/\/www.youtube.com\/embed\/JexNmJS2qgY?feature=oembed\" frameborder=\"0\" allow=\"accelerometer; autoplay; clipboard-write; encrypted-media; gyroscope; picture-in-picture; web-share\" referrerpolicy=\"strict-origin-when-cross-origin\" allowfullscreen><\/iframe>\n\n<\/div>","protected":false},"excerpt":{"rendered":"<p>Ism\u00e9t foglalkoz\u00e1sokat tartott kedden a Gyakorl\u00f3 V\u00e1ros program a v\u00e1ci \u00c1rp\u00e1d Fejedelem \u00c1ltal\u00e1nos Iskol\u00e1ban. A Magyar Agr\u00e1r- \u00e9s \u00c9lettudom\u00e1nyi Egyetem hallgat\u00f3i \u00e9vr\u0151l \u00e9vre interakt\u00edv programokkal seg\u00edtik az \u00e1ltal\u00e1nos iskol\u00e1sok k\u00f6rnyezettudatos szeml\u00e9letform\u00e1l\u00e1s\u00e1t. Az idei foglalkoz\u00e1sok k\u00f6z\u00e9ppontj\u00e1ban ez\u00fattal is a v\u00edzmegtart\u00e1s t\u00e9m\u00e1ja \u00e1llt.<\/p>\n","protected":false},"author":2,"featured_media":5125,"comment_status":"closed","ping_status":"open","sticky":false,"template":"","format":"standard","meta":{"footnotes":""},"categories":[90],"tags":[],"class_list":["post-5124","post","type-post","status-publish","format-standard","has-post-thumbnail","hentry","category-hirek"],"_links":{"self":[{"href":"https:\/\/estv.hu\/index.php\/wp-json\/wp\/v2\/posts\/5124","targetHints":{"allow":["GET"]}}],"collection":[{"href":"https:\/\/estv.hu\/index.php\/wp-json\/wp\/v2\/posts"}],"about":[{"href":"https:\/\/estv.hu\/index.php\/wp-json\/wp\/v2\/types\/post"}],"author":[{"embeddable":true,"href":"https:\/\/estv.hu\/index.php\/wp-json\/wp\/v2\/users\/2"}],"replies":[{"embeddable":true,"href":"https:\/\/estv.hu\/index.php\/wp-json\/wp\/v2\/comments?post=5124"}],"version-history":[{"count":1,"href":"https:\/\/estv.hu\/index.php\/wp-json\/wp\/v2\/posts\/5124\/revisions"}],"predecessor-version":[{"id":5126,"href":"https:\/\/estv.hu\/index.php\/wp-json\/wp\/v2\/posts\/5124\/revisions\/5126"}],"wp:featuredmedia":[{"embeddable":true,"href":"https:\/\/estv.hu\/index.php\/wp-json\/wp\/v2\/media\/5125"}],"wp:attachment":[{"href":"https:\/\/estv.hu\/index.php\/wp-json\/wp\/v2\/media?parent=5124"}],"wp:term":[{"taxonomy":"category","embeddable":true,"href":"https:\/\/estv.hu\/index.php\/wp-json\/wp\/v2\/categories?post=5124"},{"taxonomy":"post_tag","embeddable":true,"href":"https:\/\/estv.hu\/index.php\/wp-json\/wp\/v2\/tags?post=5124"}],"curies":[{"name":"wp","href":"https:\/\/api.w.org\/{rel}","templated":true}]}}