{"id":5127,"date":"2026-04-29T10:24:55","date_gmt":"2026-04-29T08:24:55","guid":{"rendered":"https:\/\/estv.hu\/?p=5127"},"modified":"2026-04-29T10:24:58","modified_gmt":"2026-04-29T08:24:58","slug":"vac-lekoszono-orszaggyulesi-kepviseloje-vezeti-a-parlament-kdnp-frakciojat","status":"publish","type":"post","link":"https:\/\/estv.hu\/index.php\/2026\/04\/29\/vac-lekoszono-orszaggyulesi-kepviseloje-vezeti-a-parlament-kdnp-frakciojat\/","title":{"rendered":"V\u00e1c lek\u00f6sz\u00f6n\u0151 orsz\u00e1ggy\u0171l\u00e9si k\u00e9pvisel\u0151je vezeti a parlament KDNP frakci\u00f3j\u00e1t"},"content":{"rendered":"\n<p>Megalakult h\u00e9tf\u0151n a Kereszt\u00e9nydemokrata N\u00e9pp\u00e1rt parlamenti frakci\u00f3ja, amelynek vezet\u0151j\u00e9v\u00e9 R\u00e9tv\u00e1ri Bencet v\u00e1lasztott\u00e1k \u2013 k\u00f6z\u00f6lte az MTI. A frakci\u00f3vezet\u0151i megb\u00edzat\u00e1s V\u00e1c j\u00f6v\u0151j\u00e9t is befoly\u00e1solhatja, hiszen a t\u00e9rs\u00e9g kor\u00e1bbi orsz\u00e1ggy\u0171l\u00e9si k\u00e9pvisel\u0151je \u00faj parlamenti szerepk\u00f6rben folytatja munk\u00e1j\u00e1t. B\u00e1r az \u00e1prilisi v\u00e1laszt\u00e1son a v\u00e1ci v\u00e1laszt\u00f3ker\u00fcletben Szimon Ren\u00e1ta, a TISZA P\u00e1rt jel\u00f6ltje szerzett egy\u00e9ni mand\u00e1tumot, R\u00e9tv\u00e1ri Bence orsz\u00e1gos list\u00e1r\u00f3l bejutott az Orsz\u00e1ggy\u0171l\u00e9sbe, most pedig a KDNP nyolc f\u0151s parlamenti frakci\u00f3j\u00e1nak ir\u00e1ny\u00edt\u00e1s\u00e1t is \u00e1tvette.<\/p>\n\n\n<div class=\"gb-container gb-container-c919cef4\">\n\n<iframe loading=\"lazy\" title=\"V\u00e1c lek\u00f6sz\u00f6n\u0151 orsz\u00e1ggy\u0171l\u00e9si k\u00e9pvisel\u0151je vezeti a parlament KDNP frakci\u00f3j\u00e1t\" width=\"500\" height=\"281\" src=\"https:\/\/www.youtube.com\/embed\/F9MqrOZWO78?feature=oembed\" frameborder=\"0\" allow=\"accelerometer; autoplay; clipboard-write; encrypted-media; gyroscope; picture-in-picture; web-share\" referrerpolicy=\"strict-origin-when-cross-origin\" allowfullscreen><\/iframe>\n\n<\/div>","protected":false},"excerpt":{"rendered":"<p>Megalakult h\u00e9tf\u0151n a Kereszt\u00e9nydemokrata N\u00e9pp\u00e1rt parlamenti frakci\u00f3ja, amelynek vezet\u0151j\u00e9v\u00e9 R\u00e9tv\u00e1ri Bencet v\u00e1lasztott\u00e1k \u2013 k\u00f6z\u00f6lte az MTI. A frakci\u00f3vezet\u0151i megb\u00edzat\u00e1s V\u00e1c j\u00f6v\u0151j\u00e9t is befoly\u00e1solhatja, hiszen a t\u00e9rs\u00e9g kor\u00e1bbi orsz\u00e1ggy\u0171l\u00e9si k\u00e9pvisel\u0151je \u00faj parlamenti szerepk\u00f6rben folytatja munk\u00e1j\u00e1t. B\u00e1r az \u00e1prilisi v\u00e1laszt\u00e1son a v\u00e1ci v\u00e1laszt\u00f3ker\u00fcletben Szimon Ren\u00e1ta, a TISZA P\u00e1rt jel\u00f6ltje szerzett egy\u00e9ni mand\u00e1tumot, R\u00e9tv\u00e1ri Bence orsz\u00e1gos list\u00e1r\u00f3l bejutott [&hellip;]<\/p>\n","protected":false},"author":2,"featured_media":5128,"comment_status":"closed","ping_status":"open","sticky":false,"template":"","format":"standard","meta":{"footnotes":""},"categories":[90],"tags":[],"class_list":["post-5127","post","type-post","status-publish","format-standard","has-post-thumbnail","hentry","category-hirek"],"_links":{"self":[{"href":"https:\/\/estv.hu\/index.php\/wp-json\/wp\/v2\/posts\/5127","targetHints":{"allow":["GET"]}}],"collection":[{"href":"https:\/\/estv.hu\/index.php\/wp-json\/wp\/v2\/posts"}],"about":[{"href":"https:\/\/estv.hu\/index.php\/wp-json\/wp\/v2\/types\/post"}],"author":[{"embeddable":true,"href":"https:\/\/estv.hu\/index.php\/wp-json\/wp\/v2\/users\/2"}],"replies":[{"embeddable":true,"href":"https:\/\/estv.hu\/index.php\/wp-json\/wp\/v2\/comments?post=5127"}],"version-history":[{"count":1,"href":"https:\/\/estv.hu\/index.php\/wp-json\/wp\/v2\/posts\/5127\/revisions"}],"predecessor-version":[{"id":5129,"href":"https:\/\/estv.hu\/index.php\/wp-json\/wp\/v2\/posts\/5127\/revisions\/5129"}],"wp:featuredmedia":[{"embeddable":true,"href":"https:\/\/estv.hu\/index.php\/wp-json\/wp\/v2\/media\/5128"}],"wp:attachment":[{"href":"https:\/\/estv.hu\/index.php\/wp-json\/wp\/v2\/media?parent=5127"}],"wp:term":[{"taxonomy":"category","embeddable":true,"href":"https:\/\/estv.hu\/index.php\/wp-json\/wp\/v2\/categories?post=5127"},{"taxonomy":"post_tag","embeddable":true,"href":"https:\/\/estv.hu\/index.php\/wp-json\/wp\/v2\/tags?post=5127"}],"curies":[{"name":"wp","href":"https:\/\/api.w.org\/{rel}","templated":true}]}}